{"id":23856,"date":"2026-09-04T09:27:29","date_gmt":"2026-09-04T07:27:29","guid":{"rendered":"https:\/\/rexel.be\/?p=23856"},"modified":"2026-09-04T09:27:29","modified_gmt":"2026-09-04T07:27:29","slug":"intuis-profitez-du-confort-intelligent-avec-les-radiateurs-nativ","status":"publish","type":"post","link":"https:\/\/rexel.be\/fr\/intuis-profitez-du-confort-intelligent-avec-les-radiateurs-nativ\/","title":{"rendered":"INTUIS : Profitez du confort intelligent avec les radiateurs nativ"},"content":{"rendered":"\n<p>intuis accompagne REXEL Belgique avec une offre compl\u00e8te d\u00e9di\u00e9e au <strong>confort thermique<\/strong> et au <strong>bien \u00eatre<\/strong> dans l\u2019habitat. Gr\u00e2ce \u00e0 des radiateurs alliant design, technologie connect\u00e9e et performance, intuis vous accompagne pour profiter d\u2019une chaleur agr\u00e9able tout en ma\u00eetrisant votre consommation d\u2019\u00e9nergie.<\/p>\n\n\n\n<figure class=\"wp-block-image size-large is-resized\"><img loading=\"lazy\" decoding=\"async\" width=\"1024\" height=\"670\" src=\"https:\/\/rexel.be\/wp-content\/uploads\/2026\/09\/PRODUITS-1024x670.jpg\" alt=\"\" class=\"wp-image-23836\" style=\"aspect-ratio:1.528370531029175;width:858px;height:auto\" srcset=\"https:\/\/rexel.be\/wp-content\/uploads\/2026\/09\/PRODUITS-1024x670.jpg 1024w, https:\/\/rexel.be\/wp-content\/uploads\/2026\/09\/PRODUITS-300x196.jpg 300w, https:\/\/rexel.be\/wp-content\/uploads\/2026\/09\/PRODUITS-768x502.jpg 768w, https:\/\/rexel.be\/wp-content\/uploads\/2026\/09\/PRODUITS-1536x1005.jpg 1536w, https:\/\/rexel.be\/wp-content\/uploads\/2026\/09\/PRODUITS.jpg 1547w\" sizes=\"auto, (max-width: 1024px) 100vw, 1024px\" \/><\/figure>\n\n\n\n<p><strong>CALIDOO nativ<\/strong><br><em>Le design rencontre la connectivit\u00e9.<\/em><br>Un radiateur \u00e9l\u00e9gant et connect\u00e9, pens\u00e9 pour conjuguer confort et \u00e9conomies d\u2019\u00e9nergie.<\/p>\n\n\n\n<p><strong>BELADOO<\/strong> <strong>nativ<\/strong><br><em>Le charme du traditionnel, la technologie en plus.<\/em><br>Un radiateur connect\u00e9 qui s\u2019int\u00e8gre naturellement dans des int\u00e9rieurs au style plus classiques.<\/p>\n\n\n\n<p><strong>CHAMANE nativ<\/strong><br><em>Le confort connect\u00e9, pour mieux ma\u00eetriser sa consommation.<\/em><br>Une solution pens\u00e9e pour allier confort thermique et \u00e9conomies d\u2019\u00e9nergie.<\/p>\n\n\n\n<p><strong>NOVIUM nativ<\/strong><br><em>Le choix comp\u00e9titif par excellence.<\/em><br>Le radiateur connect\u00e9 qui offre un excellent \u00e9quilibre entre performance, confort et prix.<\/p>\n\n\n\n<p><strong>EZYBAIN nativ<\/strong><br><em>Le confort connect\u00e9 jusque dans la salle de bains.<\/em><br>Un s\u00e8che-serviettes connect\u00e9 pour une chaleur agr\u00e9able au quotidien.<\/p>\n\n\n\n<p>L\u2019ensemble de ces gammes de produits propose une r\u00e9ponse adapt\u00e9e aux nouveaux enjeux du chauffage \u00e9lectrique, en proposant des solutions con\u00e7ues pour r\u00e9pondre aux besoins d\u2019aujourd\u2019hui tout en anticipant les usages et exigences de demain.<\/p>\n\n\n\n<div class=\"wp-block-columns is-layout-flex wp-container-core-columns-is-layout-28f84493 wp-block-columns-is-layout-flex\">\n<div class=\"wp-block-column is-layout-flow wp-block-column-is-layout-flow\">\n<p><\/p>\n<\/div>\n<\/div>\n\n\n\n<div class=\"wp-block-buttons is-content-justification-center is-layout-flex wp-container-core-buttons-is-layout-a89b3969 wp-block-buttons-is-layout-flex\">\n<div class=\"wp-block-button\"><a class=\"wp-block-button__link wp-element-button\" href=\"https:\/\/netstore.rexel.be\/NS\/Start?dm&amp;language=FR&amp;action=rd&amp;to=lp&amp;var1=CMP_NATIV_LP&amp;utm_source=dynamics&amp;utm_medium=email&amp;utm_campaign=300&amp;utm_content=deeplink_CMP_NATIV_LP&amp;crmmail_FR\" target=\"_blank\" rel=\"noreferrer noopener\">Commander sur Netstore<\/a><\/div>\n<\/div>\n\n\n\n<figure class=\"wp-block-image aligncenter size-large is-resized\"><img loading=\"lazy\" decoding=\"async\" width=\"1024\" height=\"371\" src=\"https:\/\/rexel.be\/wp-content\/uploads\/2026\/09\/Intuis_CMJN_horizontal_couleurs_bleu-SOLO-1024x371.png\" alt=\"\" class=\"wp-image-23841\" style=\"width:200px\" srcset=\"https:\/\/rexel.be\/wp-content\/uploads\/2026\/09\/Intuis_CMJN_horizontal_couleurs_bleu-SOLO-1024x371.png 1024w, https:\/\/rexel.be\/wp-content\/uploads\/2026\/09\/Intuis_CMJN_horizontal_couleurs_bleu-SOLO-300x109.png 300w, https:\/\/rexel.be\/wp-content\/uploads\/2026\/09\/Intuis_CMJN_horizontal_couleurs_bleu-SOLO-768x279.png 768w, https:\/\/rexel.be\/wp-content\/uploads\/2026\/09\/Intuis_CMJN_horizontal_couleurs_bleu-SOLO-1536x557.png 1536w, https:\/\/rexel.be\/wp-content\/uploads\/2026\/09\/Intuis_CMJN_horizontal_couleurs_bleu-SOLO-2048x743.png 2048w\" sizes=\"auto, (max-width: 1024px) 100vw, 1024px\" \/><\/figure>\n\n\n\n<p><\/p>\n","protected":false},"excerpt":{"rendered":"<p>intuis accompagne REXEL Belgique avec une offre compl\u00e8te d\u00e9di\u00e9e au confort thermique et au bien \u00eatre dans l\u2019habitat. <\/p>\n","protected":false},"author":10,"featured_media":23854,"comment_status":"closed","ping_status":"closed","sticky":false,"template":"","format":"standard","meta":{"_acf_changed":false,"inline_featured_image":false,"footnotes":"","_links_to":"","_links_to_target":""},"categories":[50],"tags":[],"nieuws_oplossing":[],"nieuws_product":[181],"class_list":["post-23856","post","type-post","status-publish","format-standard","has-post-thumbnail","hentry","category-nouveautes-produits","nieuws_product-chauffage-climatisation"],"acf":[],"yoast_head":"<!-- This site is optimized with the Yoast SEO plugin v27.4 - https:\/\/yoast.com\/product\/yoast-seo-wordpress\/ -->\n<title>INTUIS : Profitez du confort intelligent avec les radiateurs nativ<\/title>\n<meta name=\"robots\" content=\"index, follow, max-snippet:-1, max-image-preview:large, max-video-preview:-1\" \/>\n<link rel=\"canonical\" href=\"https:\/\/rexel.be\/fr\/intuis-profitez-du-confort-intelligent-avec-les-radiateurs-nativ\/\" \/>\n<meta property=\"og:locale\" content=\"fr_FR\" \/>\n<meta property=\"og:type\" content=\"article\" \/>\n<meta property=\"og:title\" content=\"INTUIS : Profitez du confort intelligent avec les radiateurs nativ\" \/>\n<meta property=\"og:description\" content=\"intuis accompagne REXEL Belgique avec une offre compl\u00e8te d\u00e9di\u00e9e au confort thermique et au bien \u00eatre dans l\u2019habitat.\" \/>\n<meta property=\"og:url\" content=\"https:\/\/rexel.be\/fr\/intuis-profitez-du-confort-intelligent-avec-les-radiateurs-nativ\/\" \/>\n<meta property=\"og:site_name\" content=\"Rexel\" \/>\n<meta property=\"article:published_time\" content=\"2026-09-04T07:27:29+00:00\" \/>\n<meta property=\"og:image\" content=\"https:\/\/rexel.be\/wp-content\/uploads\/2026\/09\/PRODUITS-1.jpg\" \/>\n\t<meta property=\"og:image:width\" content=\"1547\" \/>\n\t<meta property=\"og:image:height\" content=\"1012\" \/>\n\t<meta property=\"og:image:type\" content=\"image\/jpeg\" \/>\n<meta name=\"author\" content=\"Estelle Ngongo\" \/>\n<meta name=\"twitter:card\" content=\"summary_large_image\" \/>\n<meta name=\"twitter:label1\" content=\"\u00c9crit par\" \/>\n\t<meta name=\"twitter:data1\" content=\"Estelle Ngongo\" \/>\n\t<meta name=\"twitter:label2\" content=\"Dur\u00e9e de lecture estim\u00e9e\" \/>\n\t<meta name=\"twitter:data2\" content=\"2 minutes\" \/>\n<script type=\"application\/ld+json\" class=\"yoast-schema-graph\">{\"@context\":\"https:\\\/\\\/schema.org\",\"@graph\":[{\"@type\":\"Article\",\"@id\":\"https:\\\/\\\/rexel.be\\\/fr\\\/intuis-profitez-du-confort-intelligent-avec-les-radiateurs-nativ\\\/#article\",\"isPartOf\":{\"@id\":\"https:\\\/\\\/rexel.be\\\/fr\\\/intuis-profitez-du-confort-intelligent-avec-les-radiateurs-nativ\\\/\"},\"author\":{\"name\":\"Estelle Ngongo\",\"@id\":\"https:\\\/\\\/rexel.be\\\/fr\\\/#\\\/schema\\\/person\\\/b3217dbb9d4438b8349f160fff9106c9\"},\"headline\":\"INTUIS : Profitez du confort intelligent avec les radiateurs nativ\",\"datePublished\":\"2026-09-04T07:27:29+00:00\",\"mainEntityOfPage\":{\"@id\":\"https:\\\/\\\/rexel.be\\\/fr\\\/intuis-profitez-du-confort-intelligent-avec-les-radiateurs-nativ\\\/\"},\"wordCount\":218,\"image\":{\"@id\":\"https:\\\/\\\/rexel.be\\\/fr\\\/intuis-profitez-du-confort-intelligent-avec-les-radiateurs-nativ\\\/#primaryimage\"},\"thumbnailUrl\":\"https:\\\/\\\/rexel.be\\\/wp-content\\\/uploads\\\/2026\\\/09\\\/PRODUITS-1.jpg\",\"articleSection\":[\"Nouveautes produits\"],\"inLanguage\":\"fr-FR\"},{\"@type\":\"WebPage\",\"@id\":\"https:\\\/\\\/rexel.be\\\/fr\\\/intuis-profitez-du-confort-intelligent-avec-les-radiateurs-nativ\\\/\",\"url\":\"https:\\\/\\\/rexel.be\\\/fr\\\/intuis-profitez-du-confort-intelligent-avec-les-radiateurs-nativ\\\/\",\"name\":\"INTUIS : Profitez du confort intelligent avec les radiateurs nativ\",\"isPartOf\":{\"@id\":\"https:\\\/\\\/rexel.be\\\/fr\\\/#website\"},\"primaryImageOfPage\":{\"@id\":\"https:\\\/\\\/rexel.be\\\/fr\\\/intuis-profitez-du-confort-intelligent-avec-les-radiateurs-nativ\\\/#primaryimage\"},\"image\":{\"@id\":\"https:\\\/\\\/rexel.be\\\/fr\\\/intuis-profitez-du-confort-intelligent-avec-les-radiateurs-nativ\\\/#primaryimage\"},\"thumbnailUrl\":\"https:\\\/\\\/rexel.be\\\/wp-content\\\/uploads\\\/2026\\\/09\\\/PRODUITS-1.jpg\",\"datePublished\":\"2026-09-04T07:27:29+00:00\",\"author\":{\"@id\":\"https:\\\/\\\/rexel.be\\\/fr\\\/#\\\/schema\\\/person\\\/b3217dbb9d4438b8349f160fff9106c9\"},\"breadcrumb\":{\"@id\":\"https:\\\/\\\/rexel.be\\\/fr\\\/intuis-profitez-du-confort-intelligent-avec-les-radiateurs-nativ\\\/#breadcrumb\"},\"inLanguage\":\"fr-FR\",\"potentialAction\":[{\"@type\":\"ReadAction\",\"target\":[\"https:\\\/\\\/rexel.be\\\/fr\\\/intuis-profitez-du-confort-intelligent-avec-les-radiateurs-nativ\\\/\"]}]},{\"@type\":\"ImageObject\",\"inLanguage\":\"fr-FR\",\"@id\":\"https:\\\/\\\/rexel.be\\\/fr\\\/intuis-profitez-du-confort-intelligent-avec-les-radiateurs-nativ\\\/#primaryimage\",\"url\":\"https:\\\/\\\/rexel.be\\\/wp-content\\\/uploads\\\/2026\\\/09\\\/PRODUITS-1.jpg\",\"contentUrl\":\"https:\\\/\\\/rexel.be\\\/wp-content\\\/uploads\\\/2026\\\/09\\\/PRODUITS-1.jpg\",\"width\":1547,\"height\":1012},{\"@type\":\"BreadcrumbList\",\"@id\":\"https:\\\/\\\/rexel.be\\\/fr\\\/intuis-profitez-du-confort-intelligent-avec-les-radiateurs-nativ\\\/#breadcrumb\",\"itemListElement\":[{\"@type\":\"ListItem\",\"position\":1,\"name\":\"Home\",\"item\":\"https:\\\/\\\/rexel.be\\\/fr\\\/\"},{\"@type\":\"ListItem\",\"position\":2,\"name\":\"INTUIS : Profitez du confort intelligent avec les radiateurs nativ\"}]},{\"@type\":\"WebSite\",\"@id\":\"https:\\\/\\\/rexel.be\\\/fr\\\/#website\",\"url\":\"https:\\\/\\\/rexel.be\\\/fr\\\/\",\"name\":\"Rexel\",\"description\":\"\",\"potentialAction\":[{\"@type\":\"SearchAction\",\"target\":{\"@type\":\"EntryPoint\",\"urlTemplate\":\"https:\\\/\\\/rexel.be\\\/fr\\\/?s={search_term_string}\"},\"query-input\":{\"@type\":\"PropertyValueSpecification\",\"valueRequired\":true,\"valueName\":\"search_term_string\"}}],\"inLanguage\":\"fr-FR\"},{\"@type\":\"Person\",\"@id\":\"https:\\\/\\\/rexel.be\\\/fr\\\/#\\\/schema\\\/person\\\/b3217dbb9d4438b8349f160fff9106c9\",\"name\":\"Estelle Ngongo\",\"image\":{\"@type\":\"ImageObject\",\"inLanguage\":\"fr-FR\",\"@id\":\"https:\\\/\\\/secure.gravatar.com\\\/avatar\\\/b2bee27c4c84d4d9a8a739f35f369f9e1914f1f6e3e4554284f76839766598dd?s=96&d=mm&r=g\",\"url\":\"https:\\\/\\\/secure.gravatar.com\\\/avatar\\\/b2bee27c4c84d4d9a8a739f35f369f9e1914f1f6e3e4554284f76839766598dd?s=96&d=mm&r=g\",\"contentUrl\":\"https:\\\/\\\/secure.gravatar.com\\\/avatar\\\/b2bee27c4c84d4d9a8a739f35f369f9e1914f1f6e3e4554284f76839766598dd?s=96&d=mm&r=g\",\"caption\":\"Estelle Ngongo\"}}]}<\/script>\n<!-- \/ Yoast SEO plugin. -->","yoast_head_json":{"title":"INTUIS : Profitez du confort intelligent avec les radiateurs nativ","robots":{"index":"index","follow":"follow","max-snippet":"max-snippet:-1","max-image-preview":"max-image-preview:large","max-video-preview":"max-video-preview:-1"},"canonical":"https:\/\/rexel.be\/fr\/intuis-profitez-du-confort-intelligent-avec-les-radiateurs-nativ\/","og_locale":"fr_FR","og_type":"article","og_title":"INTUIS : Profitez du confort intelligent avec les radiateurs nativ","og_description":"intuis accompagne REXEL Belgique avec une offre compl\u00e8te d\u00e9di\u00e9e au confort thermique et au bien \u00eatre dans l\u2019habitat.","og_url":"https:\/\/rexel.be\/fr\/intuis-profitez-du-confort-intelligent-avec-les-radiateurs-nativ\/","og_site_name":"Rexel","article_published_time":"2026-09-04T07:27:29+00:00","og_image":[{"width":1547,"height":1012,"url":"https:\/\/rexel.be\/wp-content\/uploads\/2026\/09\/PRODUITS-1.jpg","type":"image\/jpeg"}],"author":"Estelle Ngongo","twitter_card":"summary_large_image","twitter_misc":{"\u00c9crit par":"Estelle Ngongo","Dur\u00e9e de lecture estim\u00e9e":"2 minutes"},"schema":{"@context":"https:\/\/schema.org","@graph":[{"@type":"Article","@id":"https:\/\/rexel.be\/fr\/intuis-profitez-du-confort-intelligent-avec-les-radiateurs-nativ\/#article","isPartOf":{"@id":"https:\/\/rexel.be\/fr\/intuis-profitez-du-confort-intelligent-avec-les-radiateurs-nativ\/"},"author":{"name":"Estelle Ngongo","@id":"https:\/\/rexel.be\/fr\/#\/schema\/person\/b3217dbb9d4438b8349f160fff9106c9"},"headline":"INTUIS : Profitez du confort intelligent avec les radiateurs nativ","datePublished":"2026-09-04T07:27:29+00:00","mainEntityOfPage":{"@id":"https:\/\/rexel.be\/fr\/intuis-profitez-du-confort-intelligent-avec-les-radiateurs-nativ\/"},"wordCount":218,"image":{"@id":"https:\/\/rexel.be\/fr\/intuis-profitez-du-confort-intelligent-avec-les-radiateurs-nativ\/#primaryimage"},"thumbnailUrl":"https:\/\/rexel.be\/wp-content\/uploads\/2026\/09\/PRODUITS-1.jpg","articleSection":["Nouveautes produits"],"inLanguage":"fr-FR"},{"@type":"WebPage","@id":"https:\/\/rexel.be\/fr\/intuis-profitez-du-confort-intelligent-avec-les-radiateurs-nativ\/","url":"https:\/\/rexel.be\/fr\/intuis-profitez-du-confort-intelligent-avec-les-radiateurs-nativ\/","name":"INTUIS : Profitez du confort intelligent avec les radiateurs nativ","isPartOf":{"@id":"https:\/\/rexel.be\/fr\/#website"},"primaryImageOfPage":{"@id":"https:\/\/rexel.be\/fr\/intuis-profitez-du-confort-intelligent-avec-les-radiateurs-nativ\/#primaryimage"},"image":{"@id":"https:\/\/rexel.be\/fr\/intuis-profitez-du-confort-intelligent-avec-les-radiateurs-nativ\/#primaryimage"},"thumbnailUrl":"https:\/\/rexel.be\/wp-content\/uploads\/2026\/09\/PRODUITS-1.jpg","datePublished":"2026-09-04T07:27:29+00:00","author":{"@id":"https:\/\/rexel.be\/fr\/#\/schema\/person\/b3217dbb9d4438b8349f160fff9106c9"},"breadcrumb":{"@id":"https:\/\/rexel.be\/fr\/intuis-profitez-du-confort-intelligent-avec-les-radiateurs-nativ\/#breadcrumb"},"inLanguage":"fr-FR","potentialAction":[{"@type":"ReadAction","target":["https:\/\/rexel.be\/fr\/intuis-profitez-du-confort-intelligent-avec-les-radiateurs-nativ\/"]}]},{"@type":"ImageObject","inLanguage":"fr-FR","@id":"https:\/\/rexel.be\/fr\/intuis-profitez-du-confort-intelligent-avec-les-radiateurs-nativ\/#primaryimage","url":"https:\/\/rexel.be\/wp-content\/uploads\/2026\/09\/PRODUITS-1.jpg","contentUrl":"https:\/\/rexel.be\/wp-content\/uploads\/2026\/09\/PRODUITS-1.jpg","width":1547,"height":1012},{"@type":"BreadcrumbList","@id":"https:\/\/rexel.be\/fr\/intuis-profitez-du-confort-intelligent-avec-les-radiateurs-nativ\/#breadcrumb","itemListElement":[{"@type":"ListItem","position":1,"name":"Home","item":"https:\/\/rexel.be\/fr\/"},{"@type":"ListItem","position":2,"name":"INTUIS : Profitez du confort intelligent avec les radiateurs nativ"}]},{"@type":"WebSite","@id":"https:\/\/rexel.be\/fr\/#website","url":"https:\/\/rexel.be\/fr\/","name":"Rexel","description":"","potentialAction":[{"@type":"SearchAction","target":{"@type":"EntryPoint","urlTemplate":"https:\/\/rexel.be\/fr\/?s={search_term_string}"},"query-input":{"@type":"PropertyValueSpecification","valueRequired":true,"valueName":"search_term_string"}}],"inLanguage":"fr-FR"},{"@type":"Person","@id":"https:\/\/rexel.be\/fr\/#\/schema\/person\/b3217dbb9d4438b8349f160fff9106c9","name":"Estelle Ngongo","image":{"@type":"ImageObject","inLanguage":"fr-FR","@id":"https:\/\/secure.gravatar.com\/avatar\/b2bee27c4c84d4d9a8a739f35f369f9e1914f1f6e3e4554284f76839766598dd?s=96&d=mm&r=g","url":"https:\/\/secure.gravatar.com\/avatar\/b2bee27c4c84d4d9a8a739f35f369f9e1914f1f6e3e4554284f76839766598dd?s=96&d=mm&r=g","contentUrl":"https:\/\/secure.gravatar.com\/avatar\/b2bee27c4c84d4d9a8a739f35f369f9e1914f1f6e3e4554284f76839766598dd?s=96&d=mm&r=g","caption":"Estelle Ngongo"}}]}},"_links":{"self":[{"href":"https:\/\/rexel.be\/fr\/wp-json\/wp\/v2\/posts\/23856","targetHints":{"allow":["GET"]}}],"collection":[{"href":"https:\/\/rexel.be\/fr\/wp-json\/wp\/v2\/posts"}],"about":[{"href":"https:\/\/rexel.be\/fr\/wp-json\/wp\/v2\/types\/post"}],"author":[{"embeddable":true,"href":"https:\/\/rexel.be\/fr\/wp-json\/wp\/v2\/users\/10"}],"replies":[{"embeddable":true,"href":"https:\/\/rexel.be\/fr\/wp-json\/wp\/v2\/comments?post=23856"}],"version-history":[{"count":3,"href":"https:\/\/rexel.be\/fr\/wp-json\/wp\/v2\/posts\/23856\/revisions"}],"predecessor-version":[{"id":23959,"href":"https:\/\/rexel.be\/fr\/wp-json\/wp\/v2\/posts\/23856\/revisions\/23959"}],"wp:featuredmedia":[{"embeddable":true,"href":"https:\/\/rexel.be\/fr\/wp-json\/wp\/v2\/media\/23854"}],"wp:attachment":[{"href":"https:\/\/rexel.be\/fr\/wp-json\/wp\/v2\/media?parent=23856"}],"wp:term":[{"taxonomy":"category","embeddable":true,"href":"https:\/\/rexel.be\/fr\/wp-json\/wp\/v2\/categories?post=23856"},{"taxonomy":"post_tag","embeddable":true,"href":"https:\/\/rexel.be\/fr\/wp-json\/wp\/v2\/tags?post=23856"},{"taxonomy":"nieuws_oplossing","embeddable":true,"href":"https:\/\/rexel.be\/fr\/wp-json\/wp\/v2\/nieuws_oplossing?post=23856"},{"taxonomy":"nieuws_product","embeddable":true,"href":"https:\/\/rexel.be\/fr\/wp-json\/wp\/v2\/nieuws_product?post=23856"}],"curies":[{"name":"wp","href":"https:\/\/api.w.org\/{rel}","templated":true}]}}