{"id":16147,"date":"2026-09-01T10:27:57","date_gmt":"2026-09-01T08:27:57","guid":{"rendered":"https:\/\/rexel.be\/?p=16147"},"modified":"2026-09-01T10:29:13","modified_gmt":"2026-09-01T08:29:13","slug":"siemens-logo-9-la-nouvelle-generation-de-lautomatisation-compacte","status":"publish","type":"post","link":"https:\/\/rexel.be\/fr\/siemens-logo-9-la-nouvelle-generation-de-lautomatisation-compacte\/","title":{"rendered":"Siemens : LOGO! 9, la nouvelle g\u00e9n\u00e9ration de l\u2019automatisation compacte"},"content":{"rendered":"\n<figure class=\"wp-block-image aligncenter size-full is-resized\"><img loading=\"lazy\" decoding=\"async\" width=\"646\" height=\"335\" src=\"https:\/\/rexel.be\/wp-content\/uploads\/2026\/08\/LOGO-9_310x161px_1.jpg\" alt=\"\" class=\"wp-image-16151\" style=\"width:850px\" srcset=\"https:\/\/rexel.be\/wp-content\/uploads\/2026\/08\/LOGO-9_310x161px_1.jpg 646w, https:\/\/rexel.be\/wp-content\/uploads\/2026\/08\/LOGO-9_310x161px_1-300x156.jpg 300w\" sizes=\"auto, (max-width: 646px) 100vw, 646px\" \/><\/figure>\n\n\n\n<p>Siemens introduit avec LOGO! 9 une g\u00e9n\u00e9ration enti\u00e8rement renouvel\u00e9e de ses modules logiques compacts. Cette nouvelle version offre une puissance de calcul nettement sup\u00e9rieure, un \u00e9cran tactile couleur de conception moderne de 4,3 pouces, une capacit\u00e9 d\u2019entr\u00e9es\/sorties consid\u00e9rablement \u00e9tendue ainsi qu\u2019une programmation flexible via LOGO! Soft Comfort V9.<\/p>\n\n\n\n<p>Avec LOGO! 9, vous r\u00e9alisez facilement des solutions d\u2019automatisation plus complexes, plus efficaces et tourn\u00e9es vers l\u2019avenir, pour de nombreuses applications. Gr\u00e2ce \u00e0 cette \u00e9volution, LOGO! s\u2019appuie sur plus de trois d\u00e9cennies d\u2019exp\u00e9rience dans une automatisation simple et fiable \u2014 d\u00e9sormais encore plus performante, intuitive et parfaitement adapt\u00e9e aux applications d\u2019aujourd\u2019hui et de demain.<\/p>\n\n\n\n<p><strong>Plus de performances et de flexibilit\u00e9<\/strong><\/p>\n\n\n\n<ul class=\"wp-block-list\">\n<li>Pour des applications d\u2019automatisation simples et plus complexes<\/li>\n\n\n\n<li>Puissance de calcul accrue sans composants suppl\u00e9mentaires<\/li>\n\n\n\n<li>Jusqu\u2019\u00e0 64 entr\u00e9es num\u00e9riques, 60 sorties num\u00e9riques et 16 E\/S analogiques<\/li>\n\n\n\n<li>Utilisation intuitive via \u00e9cran tactile couleur de 4,3 pouces<\/li>\n\n\n\n<li>Configuration plug-and-play et ing\u00e9nierie multiplateforme avec LOGO! Soft Comfort V9<\/li>\n<\/ul>\n\n\n\n<div class=\"wp-block-buttons is-content-justification-center is-layout-flex wp-container-core-buttons-is-layout-a89b3969 wp-block-buttons-is-layout-flex\">\n<div class=\"wp-block-button\"><a class=\"wp-block-button__link wp-element-button\" href=\"https:\/\/netstore.rexel.be\/NS\/Start?dm&amp;language=FR&amp;action=rd&amp;to=lp&amp;var1=SIE_LOGO9_LP&amp;utm_source=rexelwebsite&amp;utm_medium=referral&amp;utm_campaign=productnews&amp;utm_content=deeplink_SIE_LOGO9_LP&amp;rexelwebsite_FR\" target=\"_blank\" rel=\"noreferrer noopener\">Commandez sur Netstore<\/a><\/div>\n<\/div>\n\n\n\n<figure class=\"wp-block-image aligncenter size-full is-resized\"><img decoding=\"async\" src=\"https:\/\/rexel.be\/wp-content\/uploads\/2025\/10\/Siemens-web.jpg\" alt=\"\" class=\"wp-image-15525\" style=\"width:200px\"\/><\/figure>\n","protected":false},"excerpt":{"rendered":"<p>Avec LOGO! 9, Siemens lance une g\u00e9n\u00e9ration enti\u00e8rement renouvel\u00e9e de ses modules logiques compacts.<\/p>\n","protected":false},"author":16,"featured_media":16152,"comment_status":"closed","ping_status":"closed","sticky":false,"template":"","format":"standard","meta":{"_acf_changed":false,"inline_featured_image":false,"footnotes":"","_links_to":"","_links_to_target":""},"categories":[50],"tags":[],"nieuws_oplossing":[],"nieuws_product":[187],"class_list":["post-16147","post","type-post","status-publish","format-standard","has-post-thumbnail","hentry","category-nouveautes-produits","nieuws_product-industrie"],"acf":[],"yoast_head":"<!-- This site is optimized with the Yoast SEO plugin v27.4 - https:\/\/yoast.com\/product\/yoast-seo-wordpress\/ -->\n<title>SIEMENS : LOGO! 9 pour l\u2019automatisation compacte<\/title>\n<meta name=\"robots\" content=\"index, follow, max-snippet:-1, max-image-preview:large, max-video-preview:-1\" \/>\n<link rel=\"canonical\" href=\"https:\/\/rexel.be\/fr\/siemens-logo-9-la-nouvelle-generation-de-lautomatisation-compacte\/\" \/>\n<meta property=\"og:locale\" content=\"fr_FR\" \/>\n<meta property=\"og:type\" content=\"article\" \/>\n<meta property=\"og:title\" content=\"SIEMENS : LOGO! 9 pour l\u2019automatisation compacte\" \/>\n<meta property=\"og:description\" content=\"Avec LOGO! 9, Siemens lance une g\u00e9n\u00e9ration enti\u00e8rement renouvel\u00e9e de ses modules logiques compacts.\" \/>\n<meta property=\"og:url\" content=\"https:\/\/rexel.be\/fr\/siemens-logo-9-la-nouvelle-generation-de-lautomatisation-compacte\/\" \/>\n<meta property=\"og:site_name\" content=\"Rexel\" \/>\n<meta property=\"article:published_time\" content=\"2026-09-01T08:27:57+00:00\" \/>\n<meta property=\"article:modified_time\" content=\"2026-09-01T08:29:13+00:00\" \/>\n<meta property=\"og:image\" content=\"https:\/\/rexel.be\/wp-content\/uploads\/2026\/08\/LOGO-9_225x225px_V2-1.jpg\" \/>\n\t<meta property=\"og:image:width\" content=\"469\" \/>\n\t<meta property=\"og:image:height\" content=\"469\" \/>\n\t<meta property=\"og:image:type\" content=\"image\/jpeg\" \/>\n<meta name=\"author\" content=\"Gaelle\" \/>\n<meta name=\"twitter:card\" content=\"summary_large_image\" \/>\n<meta name=\"twitter:label1\" content=\"\u00c9crit par\" \/>\n\t<meta name=\"twitter:data1\" content=\"Gaelle\" \/>\n\t<meta name=\"twitter:label2\" content=\"Dur\u00e9e de lecture estim\u00e9e\" \/>\n\t<meta name=\"twitter:data2\" content=\"2 minutes\" \/>\n<script type=\"application\/ld+json\" class=\"yoast-schema-graph\">{\"@context\":\"https:\\\/\\\/schema.org\",\"@graph\":[{\"@type\":\"Article\",\"@id\":\"https:\\\/\\\/rexel.be\\\/fr\\\/siemens-logo-9-la-nouvelle-generation-de-lautomatisation-compacte\\\/#article\",\"isPartOf\":{\"@id\":\"https:\\\/\\\/rexel.be\\\/fr\\\/siemens-logo-9-la-nouvelle-generation-de-lautomatisation-compacte\\\/\"},\"author\":{\"name\":\"Gaelle\",\"@id\":\"https:\\\/\\\/rexel.be\\\/fr\\\/#\\\/schema\\\/person\\\/04f4d5f7910d022396bf2e7de71ce954\"},\"headline\":\"Siemens : LOGO! 9, la nouvelle g\u00e9n\u00e9ration de l\u2019automatisation compacte\",\"datePublished\":\"2026-09-01T08:27:57+00:00\",\"dateModified\":\"2026-09-01T08:29:13+00:00\",\"mainEntityOfPage\":{\"@id\":\"https:\\\/\\\/rexel.be\\\/fr\\\/siemens-logo-9-la-nouvelle-generation-de-lautomatisation-compacte\\\/\"},\"wordCount\":188,\"image\":{\"@id\":\"https:\\\/\\\/rexel.be\\\/fr\\\/siemens-logo-9-la-nouvelle-generation-de-lautomatisation-compacte\\\/#primaryimage\"},\"thumbnailUrl\":\"https:\\\/\\\/rexel.be\\\/wp-content\\\/uploads\\\/2026\\\/08\\\/LOGO-9_225x225px_V2-1.jpg\",\"articleSection\":[\"Nouveautes produits\"],\"inLanguage\":\"fr-FR\"},{\"@type\":\"WebPage\",\"@id\":\"https:\\\/\\\/rexel.be\\\/fr\\\/siemens-logo-9-la-nouvelle-generation-de-lautomatisation-compacte\\\/\",\"url\":\"https:\\\/\\\/rexel.be\\\/fr\\\/siemens-logo-9-la-nouvelle-generation-de-lautomatisation-compacte\\\/\",\"name\":\"SIEMENS : LOGO! 9 pour l\u2019automatisation compacte\",\"isPartOf\":{\"@id\":\"https:\\\/\\\/rexel.be\\\/fr\\\/#website\"},\"primaryImageOfPage\":{\"@id\":\"https:\\\/\\\/rexel.be\\\/fr\\\/siemens-logo-9-la-nouvelle-generation-de-lautomatisation-compacte\\\/#primaryimage\"},\"image\":{\"@id\":\"https:\\\/\\\/rexel.be\\\/fr\\\/siemens-logo-9-la-nouvelle-generation-de-lautomatisation-compacte\\\/#primaryimage\"},\"thumbnailUrl\":\"https:\\\/\\\/rexel.be\\\/wp-content\\\/uploads\\\/2026\\\/08\\\/LOGO-9_225x225px_V2-1.jpg\",\"datePublished\":\"2026-09-01T08:27:57+00:00\",\"dateModified\":\"2026-09-01T08:29:13+00:00\",\"author\":{\"@id\":\"https:\\\/\\\/rexel.be\\\/fr\\\/#\\\/schema\\\/person\\\/04f4d5f7910d022396bf2e7de71ce954\"},\"breadcrumb\":{\"@id\":\"https:\\\/\\\/rexel.be\\\/fr\\\/siemens-logo-9-la-nouvelle-generation-de-lautomatisation-compacte\\\/#breadcrumb\"},\"inLanguage\":\"fr-FR\",\"potentialAction\":[{\"@type\":\"ReadAction\",\"target\":[\"https:\\\/\\\/rexel.be\\\/fr\\\/siemens-logo-9-la-nouvelle-generation-de-lautomatisation-compacte\\\/\"]}]},{\"@type\":\"ImageObject\",\"inLanguage\":\"fr-FR\",\"@id\":\"https:\\\/\\\/rexel.be\\\/fr\\\/siemens-logo-9-la-nouvelle-generation-de-lautomatisation-compacte\\\/#primaryimage\",\"url\":\"https:\\\/\\\/rexel.be\\\/wp-content\\\/uploads\\\/2026\\\/08\\\/LOGO-9_225x225px_V2-1.jpg\",\"contentUrl\":\"https:\\\/\\\/rexel.be\\\/wp-content\\\/uploads\\\/2026\\\/08\\\/LOGO-9_225x225px_V2-1.jpg\",\"width\":469,\"height\":469},{\"@type\":\"BreadcrumbList\",\"@id\":\"https:\\\/\\\/rexel.be\\\/fr\\\/siemens-logo-9-la-nouvelle-generation-de-lautomatisation-compacte\\\/#breadcrumb\",\"itemListElement\":[{\"@type\":\"ListItem\",\"position\":1,\"name\":\"Home\",\"item\":\"https:\\\/\\\/rexel.be\\\/fr\\\/\"},{\"@type\":\"ListItem\",\"position\":2,\"name\":\"Siemens : LOGO! 9, la nouvelle g\u00e9n\u00e9ration de l\u2019automatisation compacte\"}]},{\"@type\":\"WebSite\",\"@id\":\"https:\\\/\\\/rexel.be\\\/fr\\\/#website\",\"url\":\"https:\\\/\\\/rexel.be\\\/fr\\\/\",\"name\":\"Rexel\",\"description\":\"\",\"potentialAction\":[{\"@type\":\"SearchAction\",\"target\":{\"@type\":\"EntryPoint\",\"urlTemplate\":\"https:\\\/\\\/rexel.be\\\/fr\\\/?s={search_term_string}\"},\"query-input\":{\"@type\":\"PropertyValueSpecification\",\"valueRequired\":true,\"valueName\":\"search_term_string\"}}],\"inLanguage\":\"fr-FR\"},{\"@type\":\"Person\",\"@id\":\"https:\\\/\\\/rexel.be\\\/fr\\\/#\\\/schema\\\/person\\\/04f4d5f7910d022396bf2e7de71ce954\",\"name\":\"Gaelle\",\"image\":{\"@type\":\"ImageObject\",\"inLanguage\":\"fr-FR\",\"@id\":\"https:\\\/\\\/secure.gravatar.com\\\/avatar\\\/041f70ff0de7f65cca6cf186b55942966cf40330c05821098496d899e1cb8d15?s=96&d=mm&r=g\",\"url\":\"https:\\\/\\\/secure.gravatar.com\\\/avatar\\\/041f70ff0de7f65cca6cf186b55942966cf40330c05821098496d899e1cb8d15?s=96&d=mm&r=g\",\"contentUrl\":\"https:\\\/\\\/secure.gravatar.com\\\/avatar\\\/041f70ff0de7f65cca6cf186b55942966cf40330c05821098496d899e1cb8d15?s=96&d=mm&r=g\",\"caption\":\"Gaelle\"}}]}<\/script>\n<!-- \/ Yoast SEO plugin. -->","yoast_head_json":{"title":"SIEMENS : LOGO! 9 pour l\u2019automatisation compacte","robots":{"index":"index","follow":"follow","max-snippet":"max-snippet:-1","max-image-preview":"max-image-preview:large","max-video-preview":"max-video-preview:-1"},"canonical":"https:\/\/rexel.be\/fr\/siemens-logo-9-la-nouvelle-generation-de-lautomatisation-compacte\/","og_locale":"fr_FR","og_type":"article","og_title":"SIEMENS : LOGO! 9 pour l\u2019automatisation compacte","og_description":"Avec LOGO! 9, Siemens lance une g\u00e9n\u00e9ration enti\u00e8rement renouvel\u00e9e de ses modules logiques compacts.","og_url":"https:\/\/rexel.be\/fr\/siemens-logo-9-la-nouvelle-generation-de-lautomatisation-compacte\/","og_site_name":"Rexel","article_published_time":"2026-09-01T08:27:57+00:00","article_modified_time":"2026-09-01T08:29:13+00:00","og_image":[{"width":469,"height":469,"url":"https:\/\/rexel.be\/wp-content\/uploads\/2026\/08\/LOGO-9_225x225px_V2-1.jpg","type":"image\/jpeg"}],"author":"Gaelle","twitter_card":"summary_large_image","twitter_misc":{"\u00c9crit par":"Gaelle","Dur\u00e9e de lecture estim\u00e9e":"2 minutes"},"schema":{"@context":"https:\/\/schema.org","@graph":[{"@type":"Article","@id":"https:\/\/rexel.be\/fr\/siemens-logo-9-la-nouvelle-generation-de-lautomatisation-compacte\/#article","isPartOf":{"@id":"https:\/\/rexel.be\/fr\/siemens-logo-9-la-nouvelle-generation-de-lautomatisation-compacte\/"},"author":{"name":"Gaelle","@id":"https:\/\/rexel.be\/fr\/#\/schema\/person\/04f4d5f7910d022396bf2e7de71ce954"},"headline":"Siemens : LOGO! 9, la nouvelle g\u00e9n\u00e9ration de l\u2019automatisation compacte","datePublished":"2026-09-01T08:27:57+00:00","dateModified":"2026-09-01T08:29:13+00:00","mainEntityOfPage":{"@id":"https:\/\/rexel.be\/fr\/siemens-logo-9-la-nouvelle-generation-de-lautomatisation-compacte\/"},"wordCount":188,"image":{"@id":"https:\/\/rexel.be\/fr\/siemens-logo-9-la-nouvelle-generation-de-lautomatisation-compacte\/#primaryimage"},"thumbnailUrl":"https:\/\/rexel.be\/wp-content\/uploads\/2026\/08\/LOGO-9_225x225px_V2-1.jpg","articleSection":["Nouveautes produits"],"inLanguage":"fr-FR"},{"@type":"WebPage","@id":"https:\/\/rexel.be\/fr\/siemens-logo-9-la-nouvelle-generation-de-lautomatisation-compacte\/","url":"https:\/\/rexel.be\/fr\/siemens-logo-9-la-nouvelle-generation-de-lautomatisation-compacte\/","name":"SIEMENS : LOGO! 9 pour l\u2019automatisation compacte","isPartOf":{"@id":"https:\/\/rexel.be\/fr\/#website"},"primaryImageOfPage":{"@id":"https:\/\/rexel.be\/fr\/siemens-logo-9-la-nouvelle-generation-de-lautomatisation-compacte\/#primaryimage"},"image":{"@id":"https:\/\/rexel.be\/fr\/siemens-logo-9-la-nouvelle-generation-de-lautomatisation-compacte\/#primaryimage"},"thumbnailUrl":"https:\/\/rexel.be\/wp-content\/uploads\/2026\/08\/LOGO-9_225x225px_V2-1.jpg","datePublished":"2026-09-01T08:27:57+00:00","dateModified":"2026-09-01T08:29:13+00:00","author":{"@id":"https:\/\/rexel.be\/fr\/#\/schema\/person\/04f4d5f7910d022396bf2e7de71ce954"},"breadcrumb":{"@id":"https:\/\/rexel.be\/fr\/siemens-logo-9-la-nouvelle-generation-de-lautomatisation-compacte\/#breadcrumb"},"inLanguage":"fr-FR","potentialAction":[{"@type":"ReadAction","target":["https:\/\/rexel.be\/fr\/siemens-logo-9-la-nouvelle-generation-de-lautomatisation-compacte\/"]}]},{"@type":"ImageObject","inLanguage":"fr-FR","@id":"https:\/\/rexel.be\/fr\/siemens-logo-9-la-nouvelle-generation-de-lautomatisation-compacte\/#primaryimage","url":"https:\/\/rexel.be\/wp-content\/uploads\/2026\/08\/LOGO-9_225x225px_V2-1.jpg","contentUrl":"https:\/\/rexel.be\/wp-content\/uploads\/2026\/08\/LOGO-9_225x225px_V2-1.jpg","width":469,"height":469},{"@type":"BreadcrumbList","@id":"https:\/\/rexel.be\/fr\/siemens-logo-9-la-nouvelle-generation-de-lautomatisation-compacte\/#breadcrumb","itemListElement":[{"@type":"ListItem","position":1,"name":"Home","item":"https:\/\/rexel.be\/fr\/"},{"@type":"ListItem","position":2,"name":"Siemens : LOGO! 9, la nouvelle g\u00e9n\u00e9ration de l\u2019automatisation compacte"}]},{"@type":"WebSite","@id":"https:\/\/rexel.be\/fr\/#website","url":"https:\/\/rexel.be\/fr\/","name":"Rexel","description":"","potentialAction":[{"@type":"SearchAction","target":{"@type":"EntryPoint","urlTemplate":"https:\/\/rexel.be\/fr\/?s={search_term_string}"},"query-input":{"@type":"PropertyValueSpecification","valueRequired":true,"valueName":"search_term_string"}}],"inLanguage":"fr-FR"},{"@type":"Person","@id":"https:\/\/rexel.be\/fr\/#\/schema\/person\/04f4d5f7910d022396bf2e7de71ce954","name":"Gaelle","image":{"@type":"ImageObject","inLanguage":"fr-FR","@id":"https:\/\/secure.gravatar.com\/avatar\/041f70ff0de7f65cca6cf186b55942966cf40330c05821098496d899e1cb8d15?s=96&d=mm&r=g","url":"https:\/\/secure.gravatar.com\/avatar\/041f70ff0de7f65cca6cf186b55942966cf40330c05821098496d899e1cb8d15?s=96&d=mm&r=g","contentUrl":"https:\/\/secure.gravatar.com\/avatar\/041f70ff0de7f65cca6cf186b55942966cf40330c05821098496d899e1cb8d15?s=96&d=mm&r=g","caption":"Gaelle"}}]}},"_links":{"self":[{"href":"https:\/\/rexel.be\/fr\/wp-json\/wp\/v2\/posts\/16147","targetHints":{"allow":["GET"]}}],"collection":[{"href":"https:\/\/rexel.be\/fr\/wp-json\/wp\/v2\/posts"}],"about":[{"href":"https:\/\/rexel.be\/fr\/wp-json\/wp\/v2\/types\/post"}],"author":[{"embeddable":true,"href":"https:\/\/rexel.be\/fr\/wp-json\/wp\/v2\/users\/16"}],"replies":[{"embeddable":true,"href":"https:\/\/rexel.be\/fr\/wp-json\/wp\/v2\/comments?post=16147"}],"version-history":[{"count":3,"href":"https:\/\/rexel.be\/fr\/wp-json\/wp\/v2\/posts\/16147\/revisions"}],"predecessor-version":[{"id":18072,"href":"https:\/\/rexel.be\/fr\/wp-json\/wp\/v2\/posts\/16147\/revisions\/18072"}],"wp:featuredmedia":[{"embeddable":true,"href":"https:\/\/rexel.be\/fr\/wp-json\/wp\/v2\/media\/16152"}],"wp:attachment":[{"href":"https:\/\/rexel.be\/fr\/wp-json\/wp\/v2\/media?parent=16147"}],"wp:term":[{"taxonomy":"category","embeddable":true,"href":"https:\/\/rexel.be\/fr\/wp-json\/wp\/v2\/categories?post=16147"},{"taxonomy":"post_tag","embeddable":true,"href":"https:\/\/rexel.be\/fr\/wp-json\/wp\/v2\/tags?post=16147"},{"taxonomy":"nieuws_oplossing","embeddable":true,"href":"https:\/\/rexel.be\/fr\/wp-json\/wp\/v2\/nieuws_oplossing?post=16147"},{"taxonomy":"nieuws_product","embeddable":true,"href":"https:\/\/rexel.be\/fr\/wp-json\/wp\/v2\/nieuws_product?post=16147"}],"curies":[{"name":"wp","href":"https:\/\/api.w.org\/{rel}","templated":true}]}}