{"id":16002,"date":"2026-09-01T10:12:07","date_gmt":"2026-09-01T08:12:07","guid":{"rendered":"https:\/\/rexel.be\/?p=16002"},"modified":"2026-09-01T10:12:07","modified_gmt":"2026-09-01T08:12:07","slug":"wago-plus-despace-et-plus-de-serenite-grace-aux-alimentations-compactes-wago","status":"publish","type":"post","link":"https:\/\/rexel.be\/fr\/wago-plus-despace-et-plus-de-serenite-grace-aux-alimentations-compactes-wago\/","title":{"rendered":"WAGO : Plus d\u2019espace et plus de s\u00e9r\u00e9nit\u00e9 gr\u00e2ce aux alimentations compactes WAGO"},"content":{"rendered":"\n<div class=\"wp-block-columns is-layout-flex wp-container-core-columns-is-layout-28f84493 wp-block-columns-is-layout-flex\">\n<div class=\"wp-block-column is-layout-flow wp-block-column-is-layout-flow\">\n<figure class=\"wp-block-image aligncenter size-large is-resized\"><img loading=\"lazy\" decoding=\"async\" width=\"1024\" height=\"768\" src=\"https:\/\/rexel.be\/wp-content\/uploads\/2026\/08\/MM-192878_reference-report_Compact_Miele-AirControl_Miele_6_2000x1500-6-1024x768.jpg\" alt=\"\" class=\"wp-image-16003\" style=\"width:900px\" srcset=\"https:\/\/rexel.be\/wp-content\/uploads\/2026\/08\/MM-192878_reference-report_Compact_Miele-AirControl_Miele_6_2000x1500-6-1024x768.jpg 1024w, https:\/\/rexel.be\/wp-content\/uploads\/2026\/08\/MM-192878_reference-report_Compact_Miele-AirControl_Miele_6_2000x1500-6-300x225.jpg 300w, https:\/\/rexel.be\/wp-content\/uploads\/2026\/08\/MM-192878_reference-report_Compact_Miele-AirControl_Miele_6_2000x1500-6-768x576.jpg 768w, https:\/\/rexel.be\/wp-content\/uploads\/2026\/08\/MM-192878_reference-report_Compact_Miele-AirControl_Miele_6_2000x1500-6-1536x1152.jpg 1536w, https:\/\/rexel.be\/wp-content\/uploads\/2026\/08\/MM-192878_reference-report_Compact_Miele-AirControl_Miele_6_2000x1500-6.jpg 2000w\" sizes=\"auto, (max-width: 1024px) 100vw, 1024px\" \/><\/figure>\n<\/div>\n\n\n\n<div class=\"wp-block-column is-layout-flow wp-block-column-is-layout-flow\">\n<figure class=\"wp-block-image aligncenter size-full is-resized\"><img loading=\"lazy\" decoding=\"async\" width=\"687\" height=\"687\" src=\"https:\/\/rexel.be\/wp-content\/uploads\/2026\/08\/Product-ref-787-1201_515-x-515-4.png\" alt=\"\" class=\"wp-image-16004\" style=\"width:500px\" srcset=\"https:\/\/rexel.be\/wp-content\/uploads\/2026\/08\/Product-ref-787-1201_515-x-515-4.png 687w, https:\/\/rexel.be\/wp-content\/uploads\/2026\/08\/Product-ref-787-1201_515-x-515-4-300x300.png 300w, https:\/\/rexel.be\/wp-content\/uploads\/2026\/08\/Product-ref-787-1201_515-x-515-4-150x150.png 150w\" sizes=\"auto, (max-width: 687px) 100vw, 687px\" \/><\/figure>\n<\/div>\n<\/div>\n\n\n\n<p>Les installations modernes deviennent plus intelligentes, plus compactes et plus performantes. Elles n\u00e9cessitent donc une alimentation offrant d\u2019excellentes performances tout en occupant un minimum d\u2019espace.<\/p>\n\n\n\n<p>Les <strong>alimentations WAGO COMPACT<\/strong> de la s\u00e9rie 787-12xx r\u00e9pondent parfaitement \u00e0 ce besoin. Leur <strong>conception fine<\/strong> permet une installation simple sur <strong>rail DIN, mur ou panneau<\/strong>, m\u00eame dans des armoires bien remplies. Le r\u00e9sultat est une armoire \u00e9lectrique propre et structur\u00e9e.<\/p>\n\n\n\n<p>Leur utilisation intuitive se confirme d\u00e8s le raccordement. Gr\u00e2ce \u00e0 la technologie <strong>Push-in CAGE CLAMP\u00ae<\/strong>, les conducteurs se connectent rapidement et sans outil. La LED d\u2019\u00e9tat clairement visible permet un contr\u00f4le imm\u00e9diat du bon fonctionnement.<\/p>\n\n\n\n<p>En service, les mod\u00e8les 787-12xx fournissent une <strong>tension continue stable<\/strong> et absorbent les fluctuations du r\u00e9seau, \u00e9vitant notamment le scintillement des rubans LED. Leur excellent rendement limite l\u2019\u00e9chauffement, tandis que le capot amovible favorise une bonne circulation de l\u2019air, m\u00eame en environnement exigeant.<\/p>\n\n\n\n<p>En fin de journ\u00e9e, l\u2019installation est pr\u00eate pour l\u2019avenir, en toute confiance.<\/p>\n\n\n\n<div class=\"wp-block-buttons is-content-justification-center is-layout-flex wp-container-core-buttons-is-layout-a89b3969 wp-block-buttons-is-layout-flex\">\n<div class=\"wp-block-button\"><a class=\"wp-block-button__link wp-element-button\" href=\"https:\/\/netstore.rexel.be\/NS\/Start?dm&amp;language=FR&amp;action=rd&amp;to=lp&amp;var1=WAG_VOEDINGEN_LP&amp;utm_source=rexelwebsite&amp;utm_medium=referral&amp;utm_campaign=productnews&amp;utm_content=deeplink_WAG_VOEDINGEN_LP&amp;rexelwebsite_FR\" target=\"_blank\" rel=\"noreferrer noopener\">Commander sur Netstore<\/a><\/div>\n<\/div>\n\n\n\n<figure class=\"wp-block-image aligncenter size-large is-resized\"><img decoding=\"async\" src=\"https:\/\/rexel.be\/wp-content\/uploads\/2025\/12\/WAGO-Logo-main_use_green_RGB-1024x370.jpg\" alt=\"\" class=\"wp-image-16000\" style=\"width:200px\"\/><\/figure>\n\n\n\n<p><\/p>\n","protected":false},"excerpt":{"rendered":"<p>Les installations modernes deviennent plus intelligentes, plus compactes et plus performantes. Elles n\u00e9cessitent donc une alimentation offrant d\u2019excellentes performances tout en occupant un minimum d\u2019espace.<\/p>\n","protected":false},"author":16,"featured_media":16001,"comment_status":"closed","ping_status":"closed","sticky":false,"template":"","format":"standard","meta":{"_acf_changed":false,"inline_featured_image":false,"footnotes":"","_links_to":"","_links_to_target":""},"categories":[50],"tags":[],"nieuws_oplossing":[],"nieuws_product":[179],"class_list":["post-16002","post","type-post","status-publish","format-standard","has-post-thumbnail","hentry","category-nouveautes-produits","nieuws_product-residentiel"],"acf":[],"yoast_head":"<!-- This site is optimized with the Yoast SEO plugin v27.4 - https:\/\/yoast.com\/product\/yoast-seo-wordpress\/ -->\n<title>WAGO : Plus d\u2019espace et plus de s\u00e9r\u00e9nit\u00e9 gr\u00e2ce aux alimentations compactes WAGO<\/title>\n<meta name=\"robots\" content=\"index, follow, max-snippet:-1, max-image-preview:large, max-video-preview:-1\" \/>\n<link rel=\"canonical\" href=\"https:\/\/rexel.be\/fr\/wago-plus-despace-et-plus-de-serenite-grace-aux-alimentations-compactes-wago\/\" \/>\n<meta property=\"og:locale\" content=\"fr_FR\" \/>\n<meta property=\"og:type\" content=\"article\" \/>\n<meta property=\"og:title\" content=\"WAGO : Plus d\u2019espace et plus de s\u00e9r\u00e9nit\u00e9 gr\u00e2ce aux alimentations compactes WAGO\" \/>\n<meta property=\"og:description\" content=\"Les installations modernes deviennent plus intelligentes, plus compactes et plus performantes. Elles n\u00e9cessitent donc une alimentation offrant d\u2019excellentes performances tout en occupant un minimum d\u2019espace.\" \/>\n<meta property=\"og:url\" content=\"https:\/\/rexel.be\/fr\/wago-plus-despace-et-plus-de-serenite-grace-aux-alimentations-compactes-wago\/\" \/>\n<meta property=\"og:site_name\" content=\"Rexel\" \/>\n<meta property=\"article:published_time\" content=\"2026-09-01T08:12:07+00:00\" \/>\n<meta property=\"og:image\" content=\"https:\/\/rexel.be\/wp-content\/uploads\/2026\/08\/MM-192878_reference-report_Compact_Miele-AirControl_Miele_6_2000x1500-1.jpg\" \/>\n\t<meta property=\"og:image:width\" content=\"2000\" \/>\n\t<meta property=\"og:image:height\" content=\"1500\" \/>\n\t<meta property=\"og:image:type\" content=\"image\/jpeg\" \/>\n<meta name=\"author\" content=\"Gaelle\" \/>\n<meta name=\"twitter:card\" content=\"summary_large_image\" \/>\n<meta name=\"twitter:label1\" content=\"\u00c9crit par\" \/>\n\t<meta name=\"twitter:data1\" content=\"Gaelle\" \/>\n\t<meta name=\"twitter:label2\" content=\"Dur\u00e9e de lecture estim\u00e9e\" \/>\n\t<meta name=\"twitter:data2\" content=\"2 minutes\" \/>\n<script type=\"application\/ld+json\" class=\"yoast-schema-graph\">{\"@context\":\"https:\\\/\\\/schema.org\",\"@graph\":[{\"@type\":\"Article\",\"@id\":\"https:\\\/\\\/rexel.be\\\/fr\\\/wago-plus-despace-et-plus-de-serenite-grace-aux-alimentations-compactes-wago\\\/#article\",\"isPartOf\":{\"@id\":\"https:\\\/\\\/rexel.be\\\/fr\\\/wago-plus-despace-et-plus-de-serenite-grace-aux-alimentations-compactes-wago\\\/\"},\"author\":{\"name\":\"Gaelle\",\"@id\":\"https:\\\/\\\/rexel.be\\\/fr\\\/#\\\/schema\\\/person\\\/04f4d5f7910d022396bf2e7de71ce954\"},\"headline\":\"WAGO : Plus d\u2019espace et plus de s\u00e9r\u00e9nit\u00e9 gr\u00e2ce aux alimentations compactes WAGO\",\"datePublished\":\"2026-09-01T08:12:07+00:00\",\"mainEntityOfPage\":{\"@id\":\"https:\\\/\\\/rexel.be\\\/fr\\\/wago-plus-despace-et-plus-de-serenite-grace-aux-alimentations-compactes-wago\\\/\"},\"wordCount\":197,\"image\":{\"@id\":\"https:\\\/\\\/rexel.be\\\/fr\\\/wago-plus-despace-et-plus-de-serenite-grace-aux-alimentations-compactes-wago\\\/#primaryimage\"},\"thumbnailUrl\":\"https:\\\/\\\/rexel.be\\\/wp-content\\\/uploads\\\/2026\\\/08\\\/MM-192878_reference-report_Compact_Miele-AirControl_Miele_6_2000x1500-1.jpg\",\"articleSection\":[\"Nouveautes produits\"],\"inLanguage\":\"fr-FR\"},{\"@type\":\"WebPage\",\"@id\":\"https:\\\/\\\/rexel.be\\\/fr\\\/wago-plus-despace-et-plus-de-serenite-grace-aux-alimentations-compactes-wago\\\/\",\"url\":\"https:\\\/\\\/rexel.be\\\/fr\\\/wago-plus-despace-et-plus-de-serenite-grace-aux-alimentations-compactes-wago\\\/\",\"name\":\"WAGO : Plus d\u2019espace et plus de s\u00e9r\u00e9nit\u00e9 gr\u00e2ce aux alimentations compactes WAGO\",\"isPartOf\":{\"@id\":\"https:\\\/\\\/rexel.be\\\/fr\\\/#website\"},\"primaryImageOfPage\":{\"@id\":\"https:\\\/\\\/rexel.be\\\/fr\\\/wago-plus-despace-et-plus-de-serenite-grace-aux-alimentations-compactes-wago\\\/#primaryimage\"},\"image\":{\"@id\":\"https:\\\/\\\/rexel.be\\\/fr\\\/wago-plus-despace-et-plus-de-serenite-grace-aux-alimentations-compactes-wago\\\/#primaryimage\"},\"thumbnailUrl\":\"https:\\\/\\\/rexel.be\\\/wp-content\\\/uploads\\\/2026\\\/08\\\/MM-192878_reference-report_Compact_Miele-AirControl_Miele_6_2000x1500-1.jpg\",\"datePublished\":\"2026-09-01T08:12:07+00:00\",\"author\":{\"@id\":\"https:\\\/\\\/rexel.be\\\/fr\\\/#\\\/schema\\\/person\\\/04f4d5f7910d022396bf2e7de71ce954\"},\"breadcrumb\":{\"@id\":\"https:\\\/\\\/rexel.be\\\/fr\\\/wago-plus-despace-et-plus-de-serenite-grace-aux-alimentations-compactes-wago\\\/#breadcrumb\"},\"inLanguage\":\"fr-FR\",\"potentialAction\":[{\"@type\":\"ReadAction\",\"target\":[\"https:\\\/\\\/rexel.be\\\/fr\\\/wago-plus-despace-et-plus-de-serenite-grace-aux-alimentations-compactes-wago\\\/\"]}]},{\"@type\":\"ImageObject\",\"inLanguage\":\"fr-FR\",\"@id\":\"https:\\\/\\\/rexel.be\\\/fr\\\/wago-plus-despace-et-plus-de-serenite-grace-aux-alimentations-compactes-wago\\\/#primaryimage\",\"url\":\"https:\\\/\\\/rexel.be\\\/wp-content\\\/uploads\\\/2026\\\/08\\\/MM-192878_reference-report_Compact_Miele-AirControl_Miele_6_2000x1500-1.jpg\",\"contentUrl\":\"https:\\\/\\\/rexel.be\\\/wp-content\\\/uploads\\\/2026\\\/08\\\/MM-192878_reference-report_Compact_Miele-AirControl_Miele_6_2000x1500-1.jpg\",\"width\":2000,\"height\":1500},{\"@type\":\"BreadcrumbList\",\"@id\":\"https:\\\/\\\/rexel.be\\\/fr\\\/wago-plus-despace-et-plus-de-serenite-grace-aux-alimentations-compactes-wago\\\/#breadcrumb\",\"itemListElement\":[{\"@type\":\"ListItem\",\"position\":1,\"name\":\"Home\",\"item\":\"https:\\\/\\\/rexel.be\\\/fr\\\/\"},{\"@type\":\"ListItem\",\"position\":2,\"name\":\"WAGO : Plus d\u2019espace et plus de s\u00e9r\u00e9nit\u00e9 gr\u00e2ce aux alimentations compactes WAGO\"}]},{\"@type\":\"WebSite\",\"@id\":\"https:\\\/\\\/rexel.be\\\/fr\\\/#website\",\"url\":\"https:\\\/\\\/rexel.be\\\/fr\\\/\",\"name\":\"Rexel\",\"description\":\"\",\"potentialAction\":[{\"@type\":\"SearchAction\",\"target\":{\"@type\":\"EntryPoint\",\"urlTemplate\":\"https:\\\/\\\/rexel.be\\\/fr\\\/?s={search_term_string}\"},\"query-input\":{\"@type\":\"PropertyValueSpecification\",\"valueRequired\":true,\"valueName\":\"search_term_string\"}}],\"inLanguage\":\"fr-FR\"},{\"@type\":\"Person\",\"@id\":\"https:\\\/\\\/rexel.be\\\/fr\\\/#\\\/schema\\\/person\\\/04f4d5f7910d022396bf2e7de71ce954\",\"name\":\"Gaelle\",\"image\":{\"@type\":\"ImageObject\",\"inLanguage\":\"fr-FR\",\"@id\":\"https:\\\/\\\/secure.gravatar.com\\\/avatar\\\/041f70ff0de7f65cca6cf186b55942966cf40330c05821098496d899e1cb8d15?s=96&d=mm&r=g\",\"url\":\"https:\\\/\\\/secure.gravatar.com\\\/avatar\\\/041f70ff0de7f65cca6cf186b55942966cf40330c05821098496d899e1cb8d15?s=96&d=mm&r=g\",\"contentUrl\":\"https:\\\/\\\/secure.gravatar.com\\\/avatar\\\/041f70ff0de7f65cca6cf186b55942966cf40330c05821098496d899e1cb8d15?s=96&d=mm&r=g\",\"caption\":\"Gaelle\"}}]}<\/script>\n<!-- \/ Yoast SEO plugin. -->","yoast_head_json":{"title":"WAGO : Plus d\u2019espace et plus de s\u00e9r\u00e9nit\u00e9 gr\u00e2ce aux alimentations compactes WAGO","robots":{"index":"index","follow":"follow","max-snippet":"max-snippet:-1","max-image-preview":"max-image-preview:large","max-video-preview":"max-video-preview:-1"},"canonical":"https:\/\/rexel.be\/fr\/wago-plus-despace-et-plus-de-serenite-grace-aux-alimentations-compactes-wago\/","og_locale":"fr_FR","og_type":"article","og_title":"WAGO : Plus d\u2019espace et plus de s\u00e9r\u00e9nit\u00e9 gr\u00e2ce aux alimentations compactes WAGO","og_description":"Les installations modernes deviennent plus intelligentes, plus compactes et plus performantes. Elles n\u00e9cessitent donc une alimentation offrant d\u2019excellentes performances tout en occupant un minimum d\u2019espace.","og_url":"https:\/\/rexel.be\/fr\/wago-plus-despace-et-plus-de-serenite-grace-aux-alimentations-compactes-wago\/","og_site_name":"Rexel","article_published_time":"2026-09-01T08:12:07+00:00","og_image":[{"width":2000,"height":1500,"url":"https:\/\/rexel.be\/wp-content\/uploads\/2026\/08\/MM-192878_reference-report_Compact_Miele-AirControl_Miele_6_2000x1500-1.jpg","type":"image\/jpeg"}],"author":"Gaelle","twitter_card":"summary_large_image","twitter_misc":{"\u00c9crit par":"Gaelle","Dur\u00e9e de lecture estim\u00e9e":"2 minutes"},"schema":{"@context":"https:\/\/schema.org","@graph":[{"@type":"Article","@id":"https:\/\/rexel.be\/fr\/wago-plus-despace-et-plus-de-serenite-grace-aux-alimentations-compactes-wago\/#article","isPartOf":{"@id":"https:\/\/rexel.be\/fr\/wago-plus-despace-et-plus-de-serenite-grace-aux-alimentations-compactes-wago\/"},"author":{"name":"Gaelle","@id":"https:\/\/rexel.be\/fr\/#\/schema\/person\/04f4d5f7910d022396bf2e7de71ce954"},"headline":"WAGO : Plus d\u2019espace et plus de s\u00e9r\u00e9nit\u00e9 gr\u00e2ce aux alimentations compactes WAGO","datePublished":"2026-09-01T08:12:07+00:00","mainEntityOfPage":{"@id":"https:\/\/rexel.be\/fr\/wago-plus-despace-et-plus-de-serenite-grace-aux-alimentations-compactes-wago\/"},"wordCount":197,"image":{"@id":"https:\/\/rexel.be\/fr\/wago-plus-despace-et-plus-de-serenite-grace-aux-alimentations-compactes-wago\/#primaryimage"},"thumbnailUrl":"https:\/\/rexel.be\/wp-content\/uploads\/2026\/08\/MM-192878_reference-report_Compact_Miele-AirControl_Miele_6_2000x1500-1.jpg","articleSection":["Nouveautes produits"],"inLanguage":"fr-FR"},{"@type":"WebPage","@id":"https:\/\/rexel.be\/fr\/wago-plus-despace-et-plus-de-serenite-grace-aux-alimentations-compactes-wago\/","url":"https:\/\/rexel.be\/fr\/wago-plus-despace-et-plus-de-serenite-grace-aux-alimentations-compactes-wago\/","name":"WAGO : Plus d\u2019espace et plus de s\u00e9r\u00e9nit\u00e9 gr\u00e2ce aux alimentations compactes WAGO","isPartOf":{"@id":"https:\/\/rexel.be\/fr\/#website"},"primaryImageOfPage":{"@id":"https:\/\/rexel.be\/fr\/wago-plus-despace-et-plus-de-serenite-grace-aux-alimentations-compactes-wago\/#primaryimage"},"image":{"@id":"https:\/\/rexel.be\/fr\/wago-plus-despace-et-plus-de-serenite-grace-aux-alimentations-compactes-wago\/#primaryimage"},"thumbnailUrl":"https:\/\/rexel.be\/wp-content\/uploads\/2026\/08\/MM-192878_reference-report_Compact_Miele-AirControl_Miele_6_2000x1500-1.jpg","datePublished":"2026-09-01T08:12:07+00:00","author":{"@id":"https:\/\/rexel.be\/fr\/#\/schema\/person\/04f4d5f7910d022396bf2e7de71ce954"},"breadcrumb":{"@id":"https:\/\/rexel.be\/fr\/wago-plus-despace-et-plus-de-serenite-grace-aux-alimentations-compactes-wago\/#breadcrumb"},"inLanguage":"fr-FR","potentialAction":[{"@type":"ReadAction","target":["https:\/\/rexel.be\/fr\/wago-plus-despace-et-plus-de-serenite-grace-aux-alimentations-compactes-wago\/"]}]},{"@type":"ImageObject","inLanguage":"fr-FR","@id":"https:\/\/rexel.be\/fr\/wago-plus-despace-et-plus-de-serenite-grace-aux-alimentations-compactes-wago\/#primaryimage","url":"https:\/\/rexel.be\/wp-content\/uploads\/2026\/08\/MM-192878_reference-report_Compact_Miele-AirControl_Miele_6_2000x1500-1.jpg","contentUrl":"https:\/\/rexel.be\/wp-content\/uploads\/2026\/08\/MM-192878_reference-report_Compact_Miele-AirControl_Miele_6_2000x1500-1.jpg","width":2000,"height":1500},{"@type":"BreadcrumbList","@id":"https:\/\/rexel.be\/fr\/wago-plus-despace-et-plus-de-serenite-grace-aux-alimentations-compactes-wago\/#breadcrumb","itemListElement":[{"@type":"ListItem","position":1,"name":"Home","item":"https:\/\/rexel.be\/fr\/"},{"@type":"ListItem","position":2,"name":"WAGO : Plus d\u2019espace et plus de s\u00e9r\u00e9nit\u00e9 gr\u00e2ce aux alimentations compactes WAGO"}]},{"@type":"WebSite","@id":"https:\/\/rexel.be\/fr\/#website","url":"https:\/\/rexel.be\/fr\/","name":"Rexel","description":"","potentialAction":[{"@type":"SearchAction","target":{"@type":"EntryPoint","urlTemplate":"https:\/\/rexel.be\/fr\/?s={search_term_string}"},"query-input":{"@type":"PropertyValueSpecification","valueRequired":true,"valueName":"search_term_string"}}],"inLanguage":"fr-FR"},{"@type":"Person","@id":"https:\/\/rexel.be\/fr\/#\/schema\/person\/04f4d5f7910d022396bf2e7de71ce954","name":"Gaelle","image":{"@type":"ImageObject","inLanguage":"fr-FR","@id":"https:\/\/secure.gravatar.com\/avatar\/041f70ff0de7f65cca6cf186b55942966cf40330c05821098496d899e1cb8d15?s=96&d=mm&r=g","url":"https:\/\/secure.gravatar.com\/avatar\/041f70ff0de7f65cca6cf186b55942966cf40330c05821098496d899e1cb8d15?s=96&d=mm&r=g","contentUrl":"https:\/\/secure.gravatar.com\/avatar\/041f70ff0de7f65cca6cf186b55942966cf40330c05821098496d899e1cb8d15?s=96&d=mm&r=g","caption":"Gaelle"}}]}},"_links":{"self":[{"href":"https:\/\/rexel.be\/fr\/wp-json\/wp\/v2\/posts\/16002","targetHints":{"allow":["GET"]}}],"collection":[{"href":"https:\/\/rexel.be\/fr\/wp-json\/wp\/v2\/posts"}],"about":[{"href":"https:\/\/rexel.be\/fr\/wp-json\/wp\/v2\/types\/post"}],"author":[{"embeddable":true,"href":"https:\/\/rexel.be\/fr\/wp-json\/wp\/v2\/users\/16"}],"replies":[{"embeddable":true,"href":"https:\/\/rexel.be\/fr\/wp-json\/wp\/v2\/comments?post=16002"}],"version-history":[{"count":7,"href":"https:\/\/rexel.be\/fr\/wp-json\/wp\/v2\/posts\/16002\/revisions"}],"predecessor-version":[{"id":18040,"href":"https:\/\/rexel.be\/fr\/wp-json\/wp\/v2\/posts\/16002\/revisions\/18040"}],"wp:featuredmedia":[{"embeddable":true,"href":"https:\/\/rexel.be\/fr\/wp-json\/wp\/v2\/media\/16001"}],"wp:attachment":[{"href":"https:\/\/rexel.be\/fr\/wp-json\/wp\/v2\/media?parent=16002"}],"wp:term":[{"taxonomy":"category","embeddable":true,"href":"https:\/\/rexel.be\/fr\/wp-json\/wp\/v2\/categories?post=16002"},{"taxonomy":"post_tag","embeddable":true,"href":"https:\/\/rexel.be\/fr\/wp-json\/wp\/v2\/tags?post=16002"},{"taxonomy":"nieuws_oplossing","embeddable":true,"href":"https:\/\/rexel.be\/fr\/wp-json\/wp\/v2\/nieuws_oplossing?post=16002"},{"taxonomy":"nieuws_product","embeddable":true,"href":"https:\/\/rexel.be\/fr\/wp-json\/wp\/v2\/nieuws_product?post=16002"}],"curies":[{"name":"wp","href":"https:\/\/api.w.org\/{rel}","templated":true}]}}