{"id":15869,"date":"2026-09-02T09:59:47","date_gmt":"2026-09-02T07:59:47","guid":{"rendered":"https:\/\/rexel.be\/?p=15869"},"modified":"2026-09-02T10:00:18","modified_gmt":"2026-09-02T08:00:18","slug":"nvent-eriflex-gestion-intelligente-de-lenergie","status":"publish","type":"post","link":"https:\/\/rexel.be\/fr\/nvent-eriflex-gestion-intelligente-de-lenergie\/","title":{"rendered":"NVENT ERIFLEX : Gestion intelligente de l\u2019\u00e9nergie"},"content":{"rendered":"\n<div class=\"wp-block-columns is-layout-flex wp-container-core-columns-is-layout-28f84493 wp-block-columns-is-layout-flex\">\n<div class=\"wp-block-column is-layout-flow wp-block-column-is-layout-flow\">\n<figure class=\"wp-block-image size-large is-resized\"><img loading=\"lazy\" decoding=\"async\" width=\"768\" height=\"1024\" src=\"https:\/\/rexel.be\/wp-content\/uploads\/2026\/08\/PH42985-1-768x1024.jpg\" alt=\"\" class=\"wp-image-15858\" style=\"aspect-ratio:0.7499958619548125;width:422px;height:auto\" srcset=\"https:\/\/rexel.be\/wp-content\/uploads\/2026\/08\/PH42985-1-768x1024.jpg 768w, https:\/\/rexel.be\/wp-content\/uploads\/2026\/08\/PH42985-1-225x300.jpg 225w, https:\/\/rexel.be\/wp-content\/uploads\/2026\/08\/PH42985-1-1152x1536.jpg 1152w, https:\/\/rexel.be\/wp-content\/uploads\/2026\/08\/PH42985-1-1536x2048.jpg 1536w, https:\/\/rexel.be\/wp-content\/uploads\/2026\/08\/PH42985-1-scaled.jpg 1920w\" sizes=\"auto, (max-width: 768px) 100vw, 768px\" \/><\/figure>\n<\/div>\n\n\n\n<div class=\"wp-block-column is-layout-flow wp-block-column-is-layout-flow\">\n<figure class=\"wp-block-image size-large is-resized\"><img loading=\"lazy\" decoding=\"async\" width=\"815\" height=\"1024\" src=\"https:\/\/rexel.be\/wp-content\/uploads\/2026\/08\/PH42990-1-815x1024.png\" alt=\"\" class=\"wp-image-15859\" style=\"aspect-ratio:0.7959947299077734;width:442px;height:auto\" srcset=\"https:\/\/rexel.be\/wp-content\/uploads\/2026\/08\/PH42990-1-815x1024.png 815w, https:\/\/rexel.be\/wp-content\/uploads\/2026\/08\/PH42990-1-239x300.png 239w, https:\/\/rexel.be\/wp-content\/uploads\/2026\/08\/PH42990-1-768x965.png 768w, https:\/\/rexel.be\/wp-content\/uploads\/2026\/08\/PH42990-1-1223x1536.png 1223w, https:\/\/rexel.be\/wp-content\/uploads\/2026\/08\/PH42990-1-1630x2048.png 1630w, https:\/\/rexel.be\/wp-content\/uploads\/2026\/08\/PH42990-1-scaled.png 2038w\" sizes=\"auto, (max-width: 815px) 100vw, 815px\" \/><\/figure>\n<\/div>\n<\/div>\n\n\n\n<p>Dans le contexte de la <strong>transition \u00e9nerg\u00e9tique<\/strong>, la gestion efficace de l&rsquo;\u00e9nergie et le contr\u00f4le de la consommation sont devenus des priorit\u00e9s cl\u00e9s pour les installations industrielles et commerciales.<\/p>\n\n\n\n<p>La nouvelle <strong>centrale de mesures nVent ERIFLEX<\/strong>, associ\u00e9 \u00e0 des bobines de Rogowski, permet une mesure, une analyse et un contr\u00f4le tr\u00e8s pr\u00e9cis des param\u00e8tres \u00e9lectriques. Ce syst\u00e8me est simple \u00e0 installer, s\u2019int\u00e8gre facilement dans des environnements complexes et permet une surveillance \u00e0 distance de vos installations.<\/p>\n\n\n\n<p>Les capteurs de courant Rogowski se fixent solidement aux barres rigides en cuivre, aux conducteurs ronds et \u00e0 tous les conducteurs nVent ERIFLEX (<strong>Flexibar<\/strong>, <strong>FleXbus<\/strong>, <strong>IBSB<\/strong>) \u00e0 l\u2019aide d\u2019un syst\u00e8me de montage robuste. Le <strong>logiciel gratuit EriflexNET<\/strong> ainsi que le <strong>serveur&nbsp;Web int\u00e9gr\u00e9<\/strong> offrent des fonctionnalit\u00e9s compl\u00e8tes de gestion des centrales de mesures, notamment des relev\u00e9s en temps r\u00e9el, des param\u00e8tres de configuration et l&rsquo;exportation de donn\u00e9es pour une analyse professionnelle.<\/p>\n\n\n\n<p>Regardez la vid\u00e9o ci-dessous pour plus d&rsquo;info !<\/p>\n\n\n\n<div class=\"wp-block-columns is-layout-flex wp-container-core-columns-is-layout-28f84493 wp-block-columns-is-layout-flex\">\n<div class=\"wp-block-column is-layout-flow wp-block-column-is-layout-flow\">\n<figure class=\"wp-block-embed is-type-video is-provider-youtube wp-block-embed-youtube wp-embed-aspect-16-9 wp-has-aspect-ratio\"><div class=\"wp-block-embed__wrapper\">\n<iframe loading=\"lazy\" title=\"Analyseur de r\u00e9seau nVent ERIFLEX et Capteur Rogowski \u2013 Vid\u00e9o Produit (Fran\u00e7ais)\" width=\"500\" height=\"281\" src=\"https:\/\/www.youtube.com\/embed\/92f5lhPAL0A?feature=oembed&#038;enablejsapi=1\" frameborder=\"0\" allow=\"accelerometer; autoplay; clipboard-write; encrypted-media; gyroscope; picture-in-picture; web-share\" referrerpolicy=\"strict-origin-when-cross-origin\" allowfullscreen><\/iframe>\n<\/div><\/figure>\n<\/div>\n\n\n\n<div class=\"wp-block-column is-layout-flow wp-block-column-is-layout-flow\"><\/div>\n<\/div>\n\n\n\n<figure class=\"wp-block-image aligncenter size-large is-resized\"><img loading=\"lazy\" decoding=\"async\" width=\"1024\" height=\"335\" src=\"https:\/\/rexel.be\/wp-content\/uploads\/2026\/08\/nVent-ERIFLEX-Logo-RGB-Horizontal-1024x335.png\" alt=\"\" class=\"wp-image-15865\" style=\"aspect-ratio:3.060004781257471;width:200px;height:auto\" srcset=\"https:\/\/rexel.be\/wp-content\/uploads\/2026\/08\/nVent-ERIFLEX-Logo-RGB-Horizontal-1024x335.png 1024w, https:\/\/rexel.be\/wp-content\/uploads\/2026\/08\/nVent-ERIFLEX-Logo-RGB-Horizontal-300x98.png 300w, https:\/\/rexel.be\/wp-content\/uploads\/2026\/08\/nVent-ERIFLEX-Logo-RGB-Horizontal-768x251.png 768w, https:\/\/rexel.be\/wp-content\/uploads\/2026\/08\/nVent-ERIFLEX-Logo-RGB-Horizontal-1536x502.png 1536w, https:\/\/rexel.be\/wp-content\/uploads\/2026\/08\/nVent-ERIFLEX-Logo-RGB-Horizontal-2048x669.png 2048w\" sizes=\"auto, (max-width: 1024px) 100vw, 1024px\" \/><\/figure>\n\n\n\n<p><\/p>\n","protected":false},"excerpt":{"rendered":"<p>Dans le contexte de la transition \u00e9nerg\u00e9tique, la gestion efficace de l&rsquo;\u00e9nergie et le contr\u00f4le de la consommation sont devenus des priorit\u00e9s cl\u00e9s pour les installations industrielles et commerciales.<\/p>\n","protected":false},"author":10,"featured_media":15867,"comment_status":"closed","ping_status":"closed","sticky":false,"template":"","format":"standard","meta":{"_acf_changed":false,"inline_featured_image":false,"footnotes":"","_links_to":"","_links_to_target":""},"categories":[50],"tags":[],"nieuws_oplossing":[],"nieuws_product":[187],"class_list":["post-15869","post","type-post","status-publish","format-standard","has-post-thumbnail","hentry","category-nouveautes-produits","nieuws_product-industrie"],"acf":[],"yoast_head":"<!-- This site is optimized with the Yoast SEO plugin v27.4 - https:\/\/yoast.com\/product\/yoast-seo-wordpress\/ -->\n<title>NVENT ERIFLEX : Gestion intelligente de l\u2019\u00e9nergie<\/title>\n<meta name=\"robots\" content=\"index, follow, max-snippet:-1, max-image-preview:large, max-video-preview:-1\" \/>\n<link rel=\"canonical\" href=\"https:\/\/rexel.be\/fr\/nvent-eriflex-gestion-intelligente-de-lenergie\/\" \/>\n<meta property=\"og:locale\" content=\"fr_FR\" \/>\n<meta property=\"og:type\" content=\"article\" \/>\n<meta property=\"og:title\" content=\"NVENT ERIFLEX : Gestion intelligente de l\u2019\u00e9nergie\" \/>\n<meta property=\"og:description\" content=\"Dans le contexte de la transition \u00e9nerg\u00e9tique, la gestion efficace de l&#039;\u00e9nergie et le contr\u00f4le de la consommation sont devenus des priorit\u00e9s cl\u00e9s pour les installations industrielles et commerciales.\" \/>\n<meta property=\"og:url\" content=\"https:\/\/rexel.be\/fr\/nvent-eriflex-gestion-intelligente-de-lenergie\/\" \/>\n<meta property=\"og:site_name\" content=\"Rexel\" \/>\n<meta property=\"article:published_time\" content=\"2026-09-02T07:59:47+00:00\" \/>\n<meta property=\"article:modified_time\" content=\"2026-09-02T08:00:18+00:00\" \/>\n<meta property=\"og:image\" content=\"https:\/\/rexel.be\/wp-content\/uploads\/2026\/08\/PH42982.jpg\" \/>\n\t<meta property=\"og:image:width\" content=\"1536\" \/>\n\t<meta property=\"og:image:height\" content=\"1024\" \/>\n\t<meta property=\"og:image:type\" content=\"image\/jpeg\" \/>\n<meta name=\"author\" content=\"Estelle Ngongo\" \/>\n<meta name=\"twitter:card\" content=\"summary_large_image\" \/>\n<meta name=\"twitter:label1\" content=\"\u00c9crit par\" \/>\n\t<meta name=\"twitter:data1\" content=\"Estelle Ngongo\" \/>\n\t<meta name=\"twitter:label2\" content=\"Dur\u00e9e de lecture estim\u00e9e\" \/>\n\t<meta name=\"twitter:data2\" content=\"2 minutes\" \/>\n<script type=\"application\/ld+json\" class=\"yoast-schema-graph\">{\"@context\":\"https:\\\/\\\/schema.org\",\"@graph\":[{\"@type\":\"Article\",\"@id\":\"https:\\\/\\\/rexel.be\\\/fr\\\/nvent-eriflex-gestion-intelligente-de-lenergie\\\/#article\",\"isPartOf\":{\"@id\":\"https:\\\/\\\/rexel.be\\\/fr\\\/nvent-eriflex-gestion-intelligente-de-lenergie\\\/\"},\"author\":{\"name\":\"Estelle Ngongo\",\"@id\":\"https:\\\/\\\/rexel.be\\\/fr\\\/#\\\/schema\\\/person\\\/b3217dbb9d4438b8349f160fff9106c9\"},\"headline\":\"NVENT ERIFLEX : Gestion intelligente de l\u2019\u00e9nergie\",\"datePublished\":\"2026-09-02T07:59:47+00:00\",\"dateModified\":\"2026-09-02T08:00:18+00:00\",\"mainEntityOfPage\":{\"@id\":\"https:\\\/\\\/rexel.be\\\/fr\\\/nvent-eriflex-gestion-intelligente-de-lenergie\\\/\"},\"wordCount\":191,\"image\":{\"@id\":\"https:\\\/\\\/rexel.be\\\/fr\\\/nvent-eriflex-gestion-intelligente-de-lenergie\\\/#primaryimage\"},\"thumbnailUrl\":\"https:\\\/\\\/rexel.be\\\/wp-content\\\/uploads\\\/2026\\\/08\\\/PH42982.jpg\",\"articleSection\":[\"Nouveautes produits\"],\"inLanguage\":\"fr-FR\"},{\"@type\":\"WebPage\",\"@id\":\"https:\\\/\\\/rexel.be\\\/fr\\\/nvent-eriflex-gestion-intelligente-de-lenergie\\\/\",\"url\":\"https:\\\/\\\/rexel.be\\\/fr\\\/nvent-eriflex-gestion-intelligente-de-lenergie\\\/\",\"name\":\"NVENT ERIFLEX : Gestion intelligente de l\u2019\u00e9nergie\",\"isPartOf\":{\"@id\":\"https:\\\/\\\/rexel.be\\\/fr\\\/#website\"},\"primaryImageOfPage\":{\"@id\":\"https:\\\/\\\/rexel.be\\\/fr\\\/nvent-eriflex-gestion-intelligente-de-lenergie\\\/#primaryimage\"},\"image\":{\"@id\":\"https:\\\/\\\/rexel.be\\\/fr\\\/nvent-eriflex-gestion-intelligente-de-lenergie\\\/#primaryimage\"},\"thumbnailUrl\":\"https:\\\/\\\/rexel.be\\\/wp-content\\\/uploads\\\/2026\\\/08\\\/PH42982.jpg\",\"datePublished\":\"2026-09-02T07:59:47+00:00\",\"dateModified\":\"2026-09-02T08:00:18+00:00\",\"author\":{\"@id\":\"https:\\\/\\\/rexel.be\\\/fr\\\/#\\\/schema\\\/person\\\/b3217dbb9d4438b8349f160fff9106c9\"},\"breadcrumb\":{\"@id\":\"https:\\\/\\\/rexel.be\\\/fr\\\/nvent-eriflex-gestion-intelligente-de-lenergie\\\/#breadcrumb\"},\"inLanguage\":\"fr-FR\",\"potentialAction\":[{\"@type\":\"ReadAction\",\"target\":[\"https:\\\/\\\/rexel.be\\\/fr\\\/nvent-eriflex-gestion-intelligente-de-lenergie\\\/\"]}]},{\"@type\":\"ImageObject\",\"inLanguage\":\"fr-FR\",\"@id\":\"https:\\\/\\\/rexel.be\\\/fr\\\/nvent-eriflex-gestion-intelligente-de-lenergie\\\/#primaryimage\",\"url\":\"https:\\\/\\\/rexel.be\\\/wp-content\\\/uploads\\\/2026\\\/08\\\/PH42982.jpg\",\"contentUrl\":\"https:\\\/\\\/rexel.be\\\/wp-content\\\/uploads\\\/2026\\\/08\\\/PH42982.jpg\",\"width\":1536,\"height\":1024},{\"@type\":\"BreadcrumbList\",\"@id\":\"https:\\\/\\\/rexel.be\\\/fr\\\/nvent-eriflex-gestion-intelligente-de-lenergie\\\/#breadcrumb\",\"itemListElement\":[{\"@type\":\"ListItem\",\"position\":1,\"name\":\"Home\",\"item\":\"https:\\\/\\\/rexel.be\\\/fr\\\/\"},{\"@type\":\"ListItem\",\"position\":2,\"name\":\"NVENT ERIFLEX : Gestion intelligente de l\u2019\u00e9nergie\"}]},{\"@type\":\"WebSite\",\"@id\":\"https:\\\/\\\/rexel.be\\\/fr\\\/#website\",\"url\":\"https:\\\/\\\/rexel.be\\\/fr\\\/\",\"name\":\"Rexel\",\"description\":\"\",\"potentialAction\":[{\"@type\":\"SearchAction\",\"target\":{\"@type\":\"EntryPoint\",\"urlTemplate\":\"https:\\\/\\\/rexel.be\\\/fr\\\/?s={search_term_string}\"},\"query-input\":{\"@type\":\"PropertyValueSpecification\",\"valueRequired\":true,\"valueName\":\"search_term_string\"}}],\"inLanguage\":\"fr-FR\"},{\"@type\":\"Person\",\"@id\":\"https:\\\/\\\/rexel.be\\\/fr\\\/#\\\/schema\\\/person\\\/b3217dbb9d4438b8349f160fff9106c9\",\"name\":\"Estelle Ngongo\",\"image\":{\"@type\":\"ImageObject\",\"inLanguage\":\"fr-FR\",\"@id\":\"https:\\\/\\\/secure.gravatar.com\\\/avatar\\\/b2bee27c4c84d4d9a8a739f35f369f9e1914f1f6e3e4554284f76839766598dd?s=96&d=mm&r=g\",\"url\":\"https:\\\/\\\/secure.gravatar.com\\\/avatar\\\/b2bee27c4c84d4d9a8a739f35f369f9e1914f1f6e3e4554284f76839766598dd?s=96&d=mm&r=g\",\"contentUrl\":\"https:\\\/\\\/secure.gravatar.com\\\/avatar\\\/b2bee27c4c84d4d9a8a739f35f369f9e1914f1f6e3e4554284f76839766598dd?s=96&d=mm&r=g\",\"caption\":\"Estelle Ngongo\"}}]}<\/script>\n<!-- \/ Yoast SEO plugin. -->","yoast_head_json":{"title":"NVENT ERIFLEX : Gestion intelligente de l\u2019\u00e9nergie","robots":{"index":"index","follow":"follow","max-snippet":"max-snippet:-1","max-image-preview":"max-image-preview:large","max-video-preview":"max-video-preview:-1"},"canonical":"https:\/\/rexel.be\/fr\/nvent-eriflex-gestion-intelligente-de-lenergie\/","og_locale":"fr_FR","og_type":"article","og_title":"NVENT ERIFLEX : Gestion intelligente de l\u2019\u00e9nergie","og_description":"Dans le contexte de la transition \u00e9nerg\u00e9tique, la gestion efficace de l'\u00e9nergie et le contr\u00f4le de la consommation sont devenus des priorit\u00e9s cl\u00e9s pour les installations industrielles et commerciales.","og_url":"https:\/\/rexel.be\/fr\/nvent-eriflex-gestion-intelligente-de-lenergie\/","og_site_name":"Rexel","article_published_time":"2026-09-02T07:59:47+00:00","article_modified_time":"2026-09-02T08:00:18+00:00","og_image":[{"width":1536,"height":1024,"url":"https:\/\/rexel.be\/wp-content\/uploads\/2026\/08\/PH42982.jpg","type":"image\/jpeg"}],"author":"Estelle Ngongo","twitter_card":"summary_large_image","twitter_misc":{"\u00c9crit par":"Estelle Ngongo","Dur\u00e9e de lecture estim\u00e9e":"2 minutes"},"schema":{"@context":"https:\/\/schema.org","@graph":[{"@type":"Article","@id":"https:\/\/rexel.be\/fr\/nvent-eriflex-gestion-intelligente-de-lenergie\/#article","isPartOf":{"@id":"https:\/\/rexel.be\/fr\/nvent-eriflex-gestion-intelligente-de-lenergie\/"},"author":{"name":"Estelle Ngongo","@id":"https:\/\/rexel.be\/fr\/#\/schema\/person\/b3217dbb9d4438b8349f160fff9106c9"},"headline":"NVENT ERIFLEX : Gestion intelligente de l\u2019\u00e9nergie","datePublished":"2026-09-02T07:59:47+00:00","dateModified":"2026-09-02T08:00:18+00:00","mainEntityOfPage":{"@id":"https:\/\/rexel.be\/fr\/nvent-eriflex-gestion-intelligente-de-lenergie\/"},"wordCount":191,"image":{"@id":"https:\/\/rexel.be\/fr\/nvent-eriflex-gestion-intelligente-de-lenergie\/#primaryimage"},"thumbnailUrl":"https:\/\/rexel.be\/wp-content\/uploads\/2026\/08\/PH42982.jpg","articleSection":["Nouveautes produits"],"inLanguage":"fr-FR"},{"@type":"WebPage","@id":"https:\/\/rexel.be\/fr\/nvent-eriflex-gestion-intelligente-de-lenergie\/","url":"https:\/\/rexel.be\/fr\/nvent-eriflex-gestion-intelligente-de-lenergie\/","name":"NVENT ERIFLEX : Gestion intelligente de l\u2019\u00e9nergie","isPartOf":{"@id":"https:\/\/rexel.be\/fr\/#website"},"primaryImageOfPage":{"@id":"https:\/\/rexel.be\/fr\/nvent-eriflex-gestion-intelligente-de-lenergie\/#primaryimage"},"image":{"@id":"https:\/\/rexel.be\/fr\/nvent-eriflex-gestion-intelligente-de-lenergie\/#primaryimage"},"thumbnailUrl":"https:\/\/rexel.be\/wp-content\/uploads\/2026\/08\/PH42982.jpg","datePublished":"2026-09-02T07:59:47+00:00","dateModified":"2026-09-02T08:00:18+00:00","author":{"@id":"https:\/\/rexel.be\/fr\/#\/schema\/person\/b3217dbb9d4438b8349f160fff9106c9"},"breadcrumb":{"@id":"https:\/\/rexel.be\/fr\/nvent-eriflex-gestion-intelligente-de-lenergie\/#breadcrumb"},"inLanguage":"fr-FR","potentialAction":[{"@type":"ReadAction","target":["https:\/\/rexel.be\/fr\/nvent-eriflex-gestion-intelligente-de-lenergie\/"]}]},{"@type":"ImageObject","inLanguage":"fr-FR","@id":"https:\/\/rexel.be\/fr\/nvent-eriflex-gestion-intelligente-de-lenergie\/#primaryimage","url":"https:\/\/rexel.be\/wp-content\/uploads\/2026\/08\/PH42982.jpg","contentUrl":"https:\/\/rexel.be\/wp-content\/uploads\/2026\/08\/PH42982.jpg","width":1536,"height":1024},{"@type":"BreadcrumbList","@id":"https:\/\/rexel.be\/fr\/nvent-eriflex-gestion-intelligente-de-lenergie\/#breadcrumb","itemListElement":[{"@type":"ListItem","position":1,"name":"Home","item":"https:\/\/rexel.be\/fr\/"},{"@type":"ListItem","position":2,"name":"NVENT ERIFLEX : Gestion intelligente de l\u2019\u00e9nergie"}]},{"@type":"WebSite","@id":"https:\/\/rexel.be\/fr\/#website","url":"https:\/\/rexel.be\/fr\/","name":"Rexel","description":"","potentialAction":[{"@type":"SearchAction","target":{"@type":"EntryPoint","urlTemplate":"https:\/\/rexel.be\/fr\/?s={search_term_string}"},"query-input":{"@type":"PropertyValueSpecification","valueRequired":true,"valueName":"search_term_string"}}],"inLanguage":"fr-FR"},{"@type":"Person","@id":"https:\/\/rexel.be\/fr\/#\/schema\/person\/b3217dbb9d4438b8349f160fff9106c9","name":"Estelle Ngongo","image":{"@type":"ImageObject","inLanguage":"fr-FR","@id":"https:\/\/secure.gravatar.com\/avatar\/b2bee27c4c84d4d9a8a739f35f369f9e1914f1f6e3e4554284f76839766598dd?s=96&d=mm&r=g","url":"https:\/\/secure.gravatar.com\/avatar\/b2bee27c4c84d4d9a8a739f35f369f9e1914f1f6e3e4554284f76839766598dd?s=96&d=mm&r=g","contentUrl":"https:\/\/secure.gravatar.com\/avatar\/b2bee27c4c84d4d9a8a739f35f369f9e1914f1f6e3e4554284f76839766598dd?s=96&d=mm&r=g","caption":"Estelle Ngongo"}}]}},"_links":{"self":[{"href":"https:\/\/rexel.be\/fr\/wp-json\/wp\/v2\/posts\/15869","targetHints":{"allow":["GET"]}}],"collection":[{"href":"https:\/\/rexel.be\/fr\/wp-json\/wp\/v2\/posts"}],"about":[{"href":"https:\/\/rexel.be\/fr\/wp-json\/wp\/v2\/types\/post"}],"author":[{"embeddable":true,"href":"https:\/\/rexel.be\/fr\/wp-json\/wp\/v2\/users\/10"}],"replies":[{"embeddable":true,"href":"https:\/\/rexel.be\/fr\/wp-json\/wp\/v2\/comments?post=15869"}],"version-history":[{"count":2,"href":"https:\/\/rexel.be\/fr\/wp-json\/wp\/v2\/posts\/15869\/revisions"}],"predecessor-version":[{"id":18197,"href":"https:\/\/rexel.be\/fr\/wp-json\/wp\/v2\/posts\/15869\/revisions\/18197"}],"wp:featuredmedia":[{"embeddable":true,"href":"https:\/\/rexel.be\/fr\/wp-json\/wp\/v2\/media\/15867"}],"wp:attachment":[{"href":"https:\/\/rexel.be\/fr\/wp-json\/wp\/v2\/media?parent=15869"}],"wp:term":[{"taxonomy":"category","embeddable":true,"href":"https:\/\/rexel.be\/fr\/wp-json\/wp\/v2\/categories?post=15869"},{"taxonomy":"post_tag","embeddable":true,"href":"https:\/\/rexel.be\/fr\/wp-json\/wp\/v2\/tags?post=15869"},{"taxonomy":"nieuws_oplossing","embeddable":true,"href":"https:\/\/rexel.be\/fr\/wp-json\/wp\/v2\/nieuws_oplossing?post=15869"},{"taxonomy":"nieuws_product","embeddable":true,"href":"https:\/\/rexel.be\/fr\/wp-json\/wp\/v2\/nieuws_product?post=15869"}],"curies":[{"name":"wp","href":"https:\/\/api.w.org\/{rel}","templated":true}]}}