{"id":15655,"date":"2026-09-01T09:10:50","date_gmt":"2026-09-01T07:10:50","guid":{"rendered":"https:\/\/rexel.be\/?p=15655"},"modified":"2026-09-01T09:10:50","modified_gmt":"2026-09-01T07:10:50","slug":"soler-palau-ecoair-evo-aerateur-decentralise","status":"publish","type":"post","link":"https:\/\/rexel.be\/fr\/soler-palau-ecoair-evo-aerateur-decentralise\/","title":{"rendered":"SOLER &amp; PALAU : ECOAIR EVO a\u00e9rateur d\u00e9centralis\u00e9"},"content":{"rendered":"\n<p>L&rsquo;<strong>ECOAIR EVO<\/strong> est un a\u00e9rateur m\u00e9canique d\u00e9centralis\u00e9 con\u00e7u pour fonctionner en continu afin de permettre une extraction constante de l\u2019air \u00e0 tout moment et obtenir ainsi une meilleure qualit\u00e9 de l\u2019air int\u00e9rieur avec une installation au mur ou au plafond. Le produit fonctionne \u00e0 vitesse lente. La vitesse rapide peut \u00eatre activ\u00e9e.<\/p>\n\n\n\n<p>\u00c9quip\u00e9 d\u2019un moteur \u00e9lectronique, l\u2019a\u00e9rateur b\u00e9n\u00e9ficie d\u2019un fonctionnement silencieux et de performances exceptionnelles, et une consommation d\u2019\u00e9nergie faible. Sa fabrication en mat\u00e9riaux recyclables et d\u2019une grande durabilit\u00e9 soutient son engagement en faveur de la durabilit\u00e9. ECOAIR EVO est con\u00e7u pour \u00eatre un produit facile \u00e0 installer avec un affichage et un contr\u00f4le int\u00e9gr\u00e9 intuitifs. La vitesse lente peut \u00eatre r\u00e9gl\u00e9e \u00e0 18, 29, 40, 47, et 58 m3\/h et la vitesse rapide, entre 72 et 108 m3\/h.<\/p>\n\n\n\n<p><strong>Mod\u00e8les<\/strong> :<\/p>\n\n\n\n<ul class=\"wp-block-list\">\n<li>ST : Mod\u00e8le standard avec minuterie. Il dispose de plusieurs modes de fonctionnement pour faire varier la vitesse et d\u2019une minuterie<\/li>\n\n\n\n<li>HT : Mod\u00e8le \u00e0 capteur d\u2019humidit\u00e9 relative avec minuterie<\/li>\n<\/ul>\n\n\n\n<div class=\"wp-block-columns is-layout-flex wp-container-core-columns-is-layout-28f84493 wp-block-columns-is-layout-flex\">\n<div class=\"wp-block-column is-layout-flow wp-block-column-is-layout-flow\">\n<figure class=\"wp-block-image size-large\"><img loading=\"lazy\" decoding=\"async\" width=\"1024\" height=\"576\" src=\"https:\/\/rexel.be\/wp-content\/uploads\/2026\/08\/ECOAIR-EVO_370_bg-black-1024x576.jpg\" alt=\"\" class=\"wp-image-15643\" srcset=\"https:\/\/rexel.be\/wp-content\/uploads\/2026\/08\/ECOAIR-EVO_370_bg-black-1024x576.jpg 1024w, https:\/\/rexel.be\/wp-content\/uploads\/2026\/08\/ECOAIR-EVO_370_bg-black-300x169.jpg 300w, https:\/\/rexel.be\/wp-content\/uploads\/2026\/08\/ECOAIR-EVO_370_bg-black-768x432.jpg 768w, https:\/\/rexel.be\/wp-content\/uploads\/2026\/08\/ECOAIR-EVO_370_bg-black-1536x864.jpg 1536w, https:\/\/rexel.be\/wp-content\/uploads\/2026\/08\/ECOAIR-EVO_370_bg-black-2048x1152.jpg 2048w\" sizes=\"auto, (max-width: 1024px) 100vw, 1024px\" \/><\/figure>\n<\/div>\n\n\n\n<div class=\"wp-block-column is-layout-flow wp-block-column-is-layout-flow\">\n<figure class=\"wp-block-image size-large\"><img loading=\"lazy\" decoding=\"async\" width=\"1024\" height=\"576\" src=\"https:\/\/rexel.be\/wp-content\/uploads\/2026\/08\/ECOAIR-EVO_371_bg-black-1024x576.jpg\" alt=\"\" class=\"wp-image-15644\" srcset=\"https:\/\/rexel.be\/wp-content\/uploads\/2026\/08\/ECOAIR-EVO_371_bg-black-1024x576.jpg 1024w, https:\/\/rexel.be\/wp-content\/uploads\/2026\/08\/ECOAIR-EVO_371_bg-black-300x169.jpg 300w, https:\/\/rexel.be\/wp-content\/uploads\/2026\/08\/ECOAIR-EVO_371_bg-black-768x432.jpg 768w, https:\/\/rexel.be\/wp-content\/uploads\/2026\/08\/ECOAIR-EVO_371_bg-black-1536x864.jpg 1536w, https:\/\/rexel.be\/wp-content\/uploads\/2026\/08\/ECOAIR-EVO_371_bg-black-2048x1152.jpg 2048w\" sizes=\"auto, (max-width: 1024px) 100vw, 1024px\" \/><\/figure>\n<\/div>\n\n\n\n<div class=\"wp-block-column is-layout-flow wp-block-column-is-layout-flow\">\n<figure class=\"wp-block-image size-large\"><img loading=\"lazy\" decoding=\"async\" width=\"1024\" height=\"576\" src=\"https:\/\/rexel.be\/wp-content\/uploads\/2026\/08\/ECOAIR-EVO_372_bg-black-1024x576.jpg\" alt=\"\" class=\"wp-image-15645\" srcset=\"https:\/\/rexel.be\/wp-content\/uploads\/2026\/08\/ECOAIR-EVO_372_bg-black-1024x576.jpg 1024w, https:\/\/rexel.be\/wp-content\/uploads\/2026\/08\/ECOAIR-EVO_372_bg-black-300x169.jpg 300w, https:\/\/rexel.be\/wp-content\/uploads\/2026\/08\/ECOAIR-EVO_372_bg-black-768x432.jpg 768w, https:\/\/rexel.be\/wp-content\/uploads\/2026\/08\/ECOAIR-EVO_372_bg-black-1536x864.jpg 1536w, https:\/\/rexel.be\/wp-content\/uploads\/2026\/08\/ECOAIR-EVO_372_bg-black-2048x1152.jpg 2048w\" sizes=\"auto, (max-width: 1024px) 100vw, 1024px\" \/><\/figure>\n<\/div>\n<\/div>\n\n\n\n<div class=\"wp-block-buttons is-content-justification-center is-layout-flex wp-container-core-buttons-is-layout-a89b3969 wp-block-buttons-is-layout-flex\">\n<div class=\"wp-block-button\"><a class=\"wp-block-button__link wp-element-button\" href=\"https:\/\/netstore.rexel.be\/NS\/Start?dm&amp;language=FR&amp;action=rd&amp;to=lp&amp;var1=SOP_ECOAIREVO_LP&amp;utm_source=rexelwebsite&amp;utm_medium=referral&amp;utm_campaign=productnews&amp;utm_content=deeplink_SOP_ECOAIREVO_LP&amp;rexelwebsite_FR\" target=\"_blank\" rel=\"noreferrer noopener\">Commander sur Netstore<\/a><\/div>\n<\/div>\n\n\n\n<figure class=\"wp-block-image aligncenter size-full is-resized\"><img loading=\"lazy\" decoding=\"async\" width=\"480\" height=\"480\" src=\"https:\/\/rexel.be\/wp-content\/uploads\/2026\/08\/SP_logo.png\" alt=\"\" class=\"wp-image-15646\" style=\"width:200px\" srcset=\"https:\/\/rexel.be\/wp-content\/uploads\/2026\/08\/SP_logo.png 480w, https:\/\/rexel.be\/wp-content\/uploads\/2026\/08\/SP_logo-300x300.png 300w, https:\/\/rexel.be\/wp-content\/uploads\/2026\/08\/SP_logo-150x150.png 150w\" sizes=\"auto, (max-width: 480px) 100vw, 480px\" \/><\/figure>\n","protected":false},"excerpt":{"rendered":"<p>L&rsquo;ECOAIR EVO est un a\u00e9rateur m\u00e9canique d\u00e9centralis\u00e9 con\u00e7u pour fonctionner en continu afin de permettre une extraction constante de l\u2019air \u00e0 tout moment et obtenir ainsi une meilleure qualit\u00e9 de l\u2019air int\u00e9rieur avec une installation au mur ou au plafond. <\/p>\n","protected":false},"author":10,"featured_media":17884,"comment_status":"closed","ping_status":"closed","sticky":false,"template":"","format":"standard","meta":{"_acf_changed":false,"inline_featured_image":false,"footnotes":"","_links_to":"","_links_to_target":""},"categories":[50],"tags":[],"nieuws_oplossing":[],"nieuws_product":[181],"class_list":["post-15655","post","type-post","status-publish","format-standard","has-post-thumbnail","hentry","category-nouveautes-produits","nieuws_product-chauffage-climatisation"],"acf":[],"yoast_head":"<!-- This site is optimized with the Yoast SEO plugin v27.4 - https:\/\/yoast.com\/product\/yoast-seo-wordpress\/ -->\n<title>SOLER &amp; PALAU : ECOAIR EVO a\u00e9rateur d\u00e9centralis\u00e9<\/title>\n<meta name=\"robots\" content=\"index, follow, max-snippet:-1, max-image-preview:large, max-video-preview:-1\" \/>\n<link rel=\"canonical\" href=\"https:\/\/rexel.be\/fr\/soler-palau-ecoair-evo-aerateur-decentralise\/\" \/>\n<meta property=\"og:locale\" content=\"fr_FR\" \/>\n<meta property=\"og:type\" content=\"article\" \/>\n<meta property=\"og:title\" content=\"SOLER &amp; PALAU : ECOAIR EVO a\u00e9rateur d\u00e9centralis\u00e9\" \/>\n<meta property=\"og:description\" content=\"L&#039;ECOAIR EVO est un a\u00e9rateur m\u00e9canique d\u00e9centralis\u00e9 con\u00e7u pour fonctionner en continu afin de permettre une extraction constante de l\u2019air \u00e0 tout moment et obtenir ainsi une meilleure qualit\u00e9 de l\u2019air int\u00e9rieur avec une installation au mur ou au plafond.\" \/>\n<meta property=\"og:url\" content=\"https:\/\/rexel.be\/fr\/soler-palau-ecoair-evo-aerateur-decentralise\/\" \/>\n<meta property=\"og:site_name\" content=\"Rexel\" \/>\n<meta property=\"article:published_time\" content=\"2026-09-01T07:10:50+00:00\" \/>\n<meta property=\"og:image\" content=\"https:\/\/rexel.be\/wp-content\/uploads\/2026\/08\/ECOAIR-EVO.png\" \/>\n\t<meta property=\"og:image:width\" content=\"2560\" \/>\n\t<meta property=\"og:image:height\" content=\"1440\" \/>\n\t<meta property=\"og:image:type\" content=\"image\/png\" \/>\n<meta name=\"author\" content=\"Estelle Ngongo\" \/>\n<meta name=\"twitter:card\" content=\"summary_large_image\" \/>\n<meta name=\"twitter:label1\" content=\"\u00c9crit par\" \/>\n\t<meta name=\"twitter:data1\" content=\"Estelle Ngongo\" \/>\n\t<meta name=\"twitter:label2\" content=\"Dur\u00e9e de lecture estim\u00e9e\" \/>\n\t<meta name=\"twitter:data2\" content=\"2 minutes\" \/>\n<script type=\"application\/ld+json\" class=\"yoast-schema-graph\">{\"@context\":\"https:\\\/\\\/schema.org\",\"@graph\":[{\"@type\":\"Article\",\"@id\":\"https:\\\/\\\/rexel.be\\\/fr\\\/soler-palau-ecoair-evo-aerateur-decentralise\\\/#article\",\"isPartOf\":{\"@id\":\"https:\\\/\\\/rexel.be\\\/fr\\\/soler-palau-ecoair-evo-aerateur-decentralise\\\/\"},\"author\":{\"name\":\"Estelle Ngongo\",\"@id\":\"https:\\\/\\\/rexel.be\\\/fr\\\/#\\\/schema\\\/person\\\/b3217dbb9d4438b8349f160fff9106c9\"},\"headline\":\"SOLER &amp; PALAU : ECOAIR EVO a\u00e9rateur d\u00e9centralis\u00e9\",\"datePublished\":\"2026-09-01T07:10:50+00:00\",\"mainEntityOfPage\":{\"@id\":\"https:\\\/\\\/rexel.be\\\/fr\\\/soler-palau-ecoair-evo-aerateur-decentralise\\\/\"},\"wordCount\":188,\"image\":{\"@id\":\"https:\\\/\\\/rexel.be\\\/fr\\\/soler-palau-ecoair-evo-aerateur-decentralise\\\/#primaryimage\"},\"thumbnailUrl\":\"https:\\\/\\\/rexel.be\\\/wp-content\\\/uploads\\\/2026\\\/08\\\/ECOAIR-EVO.png\",\"articleSection\":[\"Nouveautes produits\"],\"inLanguage\":\"fr-FR\"},{\"@type\":\"WebPage\",\"@id\":\"https:\\\/\\\/rexel.be\\\/fr\\\/soler-palau-ecoair-evo-aerateur-decentralise\\\/\",\"url\":\"https:\\\/\\\/rexel.be\\\/fr\\\/soler-palau-ecoair-evo-aerateur-decentralise\\\/\",\"name\":\"SOLER & PALAU : ECOAIR EVO a\u00e9rateur d\u00e9centralis\u00e9\",\"isPartOf\":{\"@id\":\"https:\\\/\\\/rexel.be\\\/fr\\\/#website\"},\"primaryImageOfPage\":{\"@id\":\"https:\\\/\\\/rexel.be\\\/fr\\\/soler-palau-ecoair-evo-aerateur-decentralise\\\/#primaryimage\"},\"image\":{\"@id\":\"https:\\\/\\\/rexel.be\\\/fr\\\/soler-palau-ecoair-evo-aerateur-decentralise\\\/#primaryimage\"},\"thumbnailUrl\":\"https:\\\/\\\/rexel.be\\\/wp-content\\\/uploads\\\/2026\\\/08\\\/ECOAIR-EVO.png\",\"datePublished\":\"2026-09-01T07:10:50+00:00\",\"author\":{\"@id\":\"https:\\\/\\\/rexel.be\\\/fr\\\/#\\\/schema\\\/person\\\/b3217dbb9d4438b8349f160fff9106c9\"},\"breadcrumb\":{\"@id\":\"https:\\\/\\\/rexel.be\\\/fr\\\/soler-palau-ecoair-evo-aerateur-decentralise\\\/#breadcrumb\"},\"inLanguage\":\"fr-FR\",\"potentialAction\":[{\"@type\":\"ReadAction\",\"target\":[\"https:\\\/\\\/rexel.be\\\/fr\\\/soler-palau-ecoair-evo-aerateur-decentralise\\\/\"]}]},{\"@type\":\"ImageObject\",\"inLanguage\":\"fr-FR\",\"@id\":\"https:\\\/\\\/rexel.be\\\/fr\\\/soler-palau-ecoair-evo-aerateur-decentralise\\\/#primaryimage\",\"url\":\"https:\\\/\\\/rexel.be\\\/wp-content\\\/uploads\\\/2026\\\/08\\\/ECOAIR-EVO.png\",\"contentUrl\":\"https:\\\/\\\/rexel.be\\\/wp-content\\\/uploads\\\/2026\\\/08\\\/ECOAIR-EVO.png\",\"width\":2560,\"height\":1440},{\"@type\":\"BreadcrumbList\",\"@id\":\"https:\\\/\\\/rexel.be\\\/fr\\\/soler-palau-ecoair-evo-aerateur-decentralise\\\/#breadcrumb\",\"itemListElement\":[{\"@type\":\"ListItem\",\"position\":1,\"name\":\"Home\",\"item\":\"https:\\\/\\\/rexel.be\\\/fr\\\/\"},{\"@type\":\"ListItem\",\"position\":2,\"name\":\"SOLER &amp; PALAU : ECOAIR EVO a\u00e9rateur d\u00e9centralis\u00e9\"}]},{\"@type\":\"WebSite\",\"@id\":\"https:\\\/\\\/rexel.be\\\/fr\\\/#website\",\"url\":\"https:\\\/\\\/rexel.be\\\/fr\\\/\",\"name\":\"Rexel\",\"description\":\"\",\"potentialAction\":[{\"@type\":\"SearchAction\",\"target\":{\"@type\":\"EntryPoint\",\"urlTemplate\":\"https:\\\/\\\/rexel.be\\\/fr\\\/?s={search_term_string}\"},\"query-input\":{\"@type\":\"PropertyValueSpecification\",\"valueRequired\":true,\"valueName\":\"search_term_string\"}}],\"inLanguage\":\"fr-FR\"},{\"@type\":\"Person\",\"@id\":\"https:\\\/\\\/rexel.be\\\/fr\\\/#\\\/schema\\\/person\\\/b3217dbb9d4438b8349f160fff9106c9\",\"name\":\"Estelle Ngongo\",\"image\":{\"@type\":\"ImageObject\",\"inLanguage\":\"fr-FR\",\"@id\":\"https:\\\/\\\/secure.gravatar.com\\\/avatar\\\/b2bee27c4c84d4d9a8a739f35f369f9e1914f1f6e3e4554284f76839766598dd?s=96&d=mm&r=g\",\"url\":\"https:\\\/\\\/secure.gravatar.com\\\/avatar\\\/b2bee27c4c84d4d9a8a739f35f369f9e1914f1f6e3e4554284f76839766598dd?s=96&d=mm&r=g\",\"contentUrl\":\"https:\\\/\\\/secure.gravatar.com\\\/avatar\\\/b2bee27c4c84d4d9a8a739f35f369f9e1914f1f6e3e4554284f76839766598dd?s=96&d=mm&r=g\",\"caption\":\"Estelle Ngongo\"}}]}<\/script>\n<!-- \/ Yoast SEO plugin. -->","yoast_head_json":{"title":"SOLER & PALAU : ECOAIR EVO a\u00e9rateur d\u00e9centralis\u00e9","robots":{"index":"index","follow":"follow","max-snippet":"max-snippet:-1","max-image-preview":"max-image-preview:large","max-video-preview":"max-video-preview:-1"},"canonical":"https:\/\/rexel.be\/fr\/soler-palau-ecoair-evo-aerateur-decentralise\/","og_locale":"fr_FR","og_type":"article","og_title":"SOLER & PALAU : ECOAIR EVO a\u00e9rateur d\u00e9centralis\u00e9","og_description":"L'ECOAIR EVO est un a\u00e9rateur m\u00e9canique d\u00e9centralis\u00e9 con\u00e7u pour fonctionner en continu afin de permettre une extraction constante de l\u2019air \u00e0 tout moment et obtenir ainsi une meilleure qualit\u00e9 de l\u2019air int\u00e9rieur avec une installation au mur ou au plafond.","og_url":"https:\/\/rexel.be\/fr\/soler-palau-ecoair-evo-aerateur-decentralise\/","og_site_name":"Rexel","article_published_time":"2026-09-01T07:10:50+00:00","og_image":[{"width":2560,"height":1440,"url":"https:\/\/rexel.be\/wp-content\/uploads\/2026\/08\/ECOAIR-EVO.png","type":"image\/png"}],"author":"Estelle Ngongo","twitter_card":"summary_large_image","twitter_misc":{"\u00c9crit par":"Estelle Ngongo","Dur\u00e9e de lecture estim\u00e9e":"2 minutes"},"schema":{"@context":"https:\/\/schema.org","@graph":[{"@type":"Article","@id":"https:\/\/rexel.be\/fr\/soler-palau-ecoair-evo-aerateur-decentralise\/#article","isPartOf":{"@id":"https:\/\/rexel.be\/fr\/soler-palau-ecoair-evo-aerateur-decentralise\/"},"author":{"name":"Estelle Ngongo","@id":"https:\/\/rexel.be\/fr\/#\/schema\/person\/b3217dbb9d4438b8349f160fff9106c9"},"headline":"SOLER &amp; PALAU : ECOAIR EVO a\u00e9rateur d\u00e9centralis\u00e9","datePublished":"2026-09-01T07:10:50+00:00","mainEntityOfPage":{"@id":"https:\/\/rexel.be\/fr\/soler-palau-ecoair-evo-aerateur-decentralise\/"},"wordCount":188,"image":{"@id":"https:\/\/rexel.be\/fr\/soler-palau-ecoair-evo-aerateur-decentralise\/#primaryimage"},"thumbnailUrl":"https:\/\/rexel.be\/wp-content\/uploads\/2026\/08\/ECOAIR-EVO.png","articleSection":["Nouveautes produits"],"inLanguage":"fr-FR"},{"@type":"WebPage","@id":"https:\/\/rexel.be\/fr\/soler-palau-ecoair-evo-aerateur-decentralise\/","url":"https:\/\/rexel.be\/fr\/soler-palau-ecoair-evo-aerateur-decentralise\/","name":"SOLER & PALAU : ECOAIR EVO a\u00e9rateur d\u00e9centralis\u00e9","isPartOf":{"@id":"https:\/\/rexel.be\/fr\/#website"},"primaryImageOfPage":{"@id":"https:\/\/rexel.be\/fr\/soler-palau-ecoair-evo-aerateur-decentralise\/#primaryimage"},"image":{"@id":"https:\/\/rexel.be\/fr\/soler-palau-ecoair-evo-aerateur-decentralise\/#primaryimage"},"thumbnailUrl":"https:\/\/rexel.be\/wp-content\/uploads\/2026\/08\/ECOAIR-EVO.png","datePublished":"2026-09-01T07:10:50+00:00","author":{"@id":"https:\/\/rexel.be\/fr\/#\/schema\/person\/b3217dbb9d4438b8349f160fff9106c9"},"breadcrumb":{"@id":"https:\/\/rexel.be\/fr\/soler-palau-ecoair-evo-aerateur-decentralise\/#breadcrumb"},"inLanguage":"fr-FR","potentialAction":[{"@type":"ReadAction","target":["https:\/\/rexel.be\/fr\/soler-palau-ecoair-evo-aerateur-decentralise\/"]}]},{"@type":"ImageObject","inLanguage":"fr-FR","@id":"https:\/\/rexel.be\/fr\/soler-palau-ecoair-evo-aerateur-decentralise\/#primaryimage","url":"https:\/\/rexel.be\/wp-content\/uploads\/2026\/08\/ECOAIR-EVO.png","contentUrl":"https:\/\/rexel.be\/wp-content\/uploads\/2026\/08\/ECOAIR-EVO.png","width":2560,"height":1440},{"@type":"BreadcrumbList","@id":"https:\/\/rexel.be\/fr\/soler-palau-ecoair-evo-aerateur-decentralise\/#breadcrumb","itemListElement":[{"@type":"ListItem","position":1,"name":"Home","item":"https:\/\/rexel.be\/fr\/"},{"@type":"ListItem","position":2,"name":"SOLER &amp; PALAU : ECOAIR EVO a\u00e9rateur d\u00e9centralis\u00e9"}]},{"@type":"WebSite","@id":"https:\/\/rexel.be\/fr\/#website","url":"https:\/\/rexel.be\/fr\/","name":"Rexel","description":"","potentialAction":[{"@type":"SearchAction","target":{"@type":"EntryPoint","urlTemplate":"https:\/\/rexel.be\/fr\/?s={search_term_string}"},"query-input":{"@type":"PropertyValueSpecification","valueRequired":true,"valueName":"search_term_string"}}],"inLanguage":"fr-FR"},{"@type":"Person","@id":"https:\/\/rexel.be\/fr\/#\/schema\/person\/b3217dbb9d4438b8349f160fff9106c9","name":"Estelle Ngongo","image":{"@type":"ImageObject","inLanguage":"fr-FR","@id":"https:\/\/secure.gravatar.com\/avatar\/b2bee27c4c84d4d9a8a739f35f369f9e1914f1f6e3e4554284f76839766598dd?s=96&d=mm&r=g","url":"https:\/\/secure.gravatar.com\/avatar\/b2bee27c4c84d4d9a8a739f35f369f9e1914f1f6e3e4554284f76839766598dd?s=96&d=mm&r=g","contentUrl":"https:\/\/secure.gravatar.com\/avatar\/b2bee27c4c84d4d9a8a739f35f369f9e1914f1f6e3e4554284f76839766598dd?s=96&d=mm&r=g","caption":"Estelle Ngongo"}}]}},"_links":{"self":[{"href":"https:\/\/rexel.be\/fr\/wp-json\/wp\/v2\/posts\/15655","targetHints":{"allow":["GET"]}}],"collection":[{"href":"https:\/\/rexel.be\/fr\/wp-json\/wp\/v2\/posts"}],"about":[{"href":"https:\/\/rexel.be\/fr\/wp-json\/wp\/v2\/types\/post"}],"author":[{"embeddable":true,"href":"https:\/\/rexel.be\/fr\/wp-json\/wp\/v2\/users\/10"}],"replies":[{"embeddable":true,"href":"https:\/\/rexel.be\/fr\/wp-json\/wp\/v2\/comments?post=15655"}],"version-history":[{"count":3,"href":"https:\/\/rexel.be\/fr\/wp-json\/wp\/v2\/posts\/15655\/revisions"}],"predecessor-version":[{"id":17959,"href":"https:\/\/rexel.be\/fr\/wp-json\/wp\/v2\/posts\/15655\/revisions\/17959"}],"wp:featuredmedia":[{"embeddable":true,"href":"https:\/\/rexel.be\/fr\/wp-json\/wp\/v2\/media\/17884"}],"wp:attachment":[{"href":"https:\/\/rexel.be\/fr\/wp-json\/wp\/v2\/media?parent=15655"}],"wp:term":[{"taxonomy":"category","embeddable":true,"href":"https:\/\/rexel.be\/fr\/wp-json\/wp\/v2\/categories?post=15655"},{"taxonomy":"post_tag","embeddable":true,"href":"https:\/\/rexel.be\/fr\/wp-json\/wp\/v2\/tags?post=15655"},{"taxonomy":"nieuws_oplossing","embeddable":true,"href":"https:\/\/rexel.be\/fr\/wp-json\/wp\/v2\/nieuws_oplossing?post=15655"},{"taxonomy":"nieuws_product","embeddable":true,"href":"https:\/\/rexel.be\/fr\/wp-json\/wp\/v2\/nieuws_product?post=15655"}],"curies":[{"name":"wp","href":"https:\/\/api.w.org\/{rel}","templated":true}]}}