{"id":15466,"date":"2026-09-01T08:49:28","date_gmt":"2026-09-01T06:49:28","guid":{"rendered":"https:\/\/rexel.be\/?p=15466"},"modified":"2026-09-01T08:49:28","modified_gmt":"2026-09-01T06:49:28","slug":"rittal-vos-armoires-electriques-ont-elles-aussi-eu-trop-chaud-ces-derniers-mois","status":"publish","type":"post","link":"https:\/\/rexel.be\/fr\/rittal-vos-armoires-electriques-ont-elles-aussi-eu-trop-chaud-ces-derniers-mois\/","title":{"rendered":"RITTAL : Vos armoires \u00e9lectriques ont-elles aussi eu trop chaud ces derniers mois ?"},"content":{"rendered":"\n<figure class=\"wp-block-image aligncenter size-large is-resized\"><img loading=\"lazy\" decoding=\"async\" width=\"1024\" height=\"732\" src=\"https:\/\/rexel.be\/wp-content\/uploads\/2026\/07\/R-1234yf-f-gas-1024x732.jpg\" alt=\"\" class=\"wp-image-15469\" style=\"aspect-ratio:1.3989156189297074;object-fit:cover;width:845px\" srcset=\"https:\/\/rexel.be\/wp-content\/uploads\/2026\/07\/R-1234yf-f-gas-1024x732.jpg 1024w, https:\/\/rexel.be\/wp-content\/uploads\/2026\/07\/R-1234yf-f-gas-300x214.jpg 300w, https:\/\/rexel.be\/wp-content\/uploads\/2026\/07\/R-1234yf-f-gas-768x549.jpg 768w, https:\/\/rexel.be\/wp-content\/uploads\/2026\/07\/R-1234yf-f-gas-1536x1097.jpg 1536w, https:\/\/rexel.be\/wp-content\/uploads\/2026\/07\/R-1234yf-f-gas-2048x1463.jpg 2048w\" sizes=\"auto, (max-width: 1024px) 100vw, 1024px\" \/><\/figure>\n\n\n\n<p>Avec la hausse des temp\u00e9ratures et des exigences accrues en mati\u00e8re de disponibilit\u00e9 des machines, une r\u00e9gulation climatique fiable n\u2019est plus un luxe. Les <strong>climatiseurs<\/strong> et <strong>chillers <\/strong>Rittal maintiennent efficacement la temp\u00e9rature de vos armoires \u00e9lectriques et applications industrielles sous contr\u00f4le, aujourd\u2019hui comme demain.<\/p>\n\n\n\n<p>Gr\u00e2ce \u00e0 l\u2019utilisation de fluides frigorig\u00e8nes \u00e0 faible GWP, vous \u00eates d\u00e9j\u00e0 pr\u00eat pour la nouvelle r\u00e9glementation europ\u00e9enne sur les gaz fluor\u00e9s. D\u00e8s le 1er janvier 2027, des exigences plus strictes s\u2019appliqueront aux installations frigorifiques, favorisant les r\u00e9frig\u00e9rants dont le GWP est inf\u00e9rieur \u00e0 150. Rittal r\u00e9pond d\u00e8s \u00e0 pr\u00e9sent \u00e0 ces \u00e9volutions avec des solutions innovantes utilisant notamment le R-1234yf (GWP 0,5).<\/p>\n\n\n\n<p>Choisissez une solution de refroidissement fiable, \u00e9co\u00e9nerg\u00e9tique et p\u00e9renne. D\u00e9couvrez comment Rittal pr\u00e9pare vos installations pour l\u2019avenir, m\u00eame lors des journ\u00e9es les plus chaudes.<\/p>\n\n\n\n<figure class=\"wp-block-image aligncenter size-full is-resized\"><img loading=\"lazy\" decoding=\"async\" width=\"425\" height=\"265\" src=\"https:\/\/rexel.be\/wp-content\/uploads\/2025\/10\/Rittal-web.jpg\" alt=\"\" class=\"wp-image-1464\" style=\"width:200px\" srcset=\"https:\/\/rexel.be\/wp-content\/uploads\/2025\/10\/Rittal-web.jpg 425w, https:\/\/rexel.be\/wp-content\/uploads\/2025\/10\/Rittal-web-300x187.jpg 300w\" sizes=\"auto, (max-width: 425px) 100vw, 425px\" \/><\/figure>\n\n\n\n<p><\/p>\n","protected":false},"excerpt":{"rendered":"<p>Avec la hausse des temp\u00e9ratures et des exigences accrues en mati\u00e8re de disponibilit\u00e9 des machines, une r\u00e9gulation climatique fiable n\u2019est plus un luxe. Les climatiseurs et chillers Rittal maintiennent efficacement la temp\u00e9rature de vos armoires \u00e9lectriques et applications industrielles sous contr\u00f4le, aujourd\u2019hui comme demain.<\/p>\n","protected":false},"author":10,"featured_media":15470,"comment_status":"closed","ping_status":"closed","sticky":false,"template":"","format":"standard","meta":{"_acf_changed":false,"inline_featured_image":false,"footnotes":"","_links_to":"","_links_to_target":""},"categories":[50],"tags":[],"nieuws_oplossing":[],"nieuws_product":[187],"class_list":["post-15466","post","type-post","status-publish","format-standard","has-post-thumbnail","hentry","category-nouveautes-produits","nieuws_product-industrie"],"acf":[],"yoast_head":"<!-- This site is optimized with the Yoast SEO plugin v27.4 - https:\/\/yoast.com\/product\/yoast-seo-wordpress\/ -->\n<title>RITTAL : Vos armoires \u00e9lectriques ont-elles aussi eu trop chaud ces derniers mois ?<\/title>\n<meta name=\"robots\" content=\"index, follow, max-snippet:-1, max-image-preview:large, max-video-preview:-1\" \/>\n<link rel=\"canonical\" href=\"https:\/\/rexel.be\/fr\/rittal-vos-armoires-electriques-ont-elles-aussi-eu-trop-chaud-ces-derniers-mois\/\" \/>\n<meta property=\"og:locale\" content=\"fr_FR\" \/>\n<meta property=\"og:type\" content=\"article\" \/>\n<meta property=\"og:title\" content=\"RITTAL : Vos armoires \u00e9lectriques ont-elles aussi eu trop chaud ces derniers mois ?\" \/>\n<meta property=\"og:description\" content=\"Avec la hausse des temp\u00e9ratures et des exigences accrues en mati\u00e8re de disponibilit\u00e9 des machines, une r\u00e9gulation climatique fiable n\u2019est plus un luxe. Les climatiseurs et chillers Rittal maintiennent efficacement la temp\u00e9rature de vos armoires \u00e9lectriques et applications industrielles sous contr\u00f4le, aujourd\u2019hui comme demain.\" \/>\n<meta property=\"og:url\" content=\"https:\/\/rexel.be\/fr\/rittal-vos-armoires-electriques-ont-elles-aussi-eu-trop-chaud-ces-derniers-mois\/\" \/>\n<meta property=\"og:site_name\" content=\"Rexel\" \/>\n<meta property=\"article:published_time\" content=\"2026-09-01T06:49:28+00:00\" \/>\n<meta property=\"og:image\" content=\"https:\/\/rexel.be\/wp-content\/uploads\/2026\/07\/R-1234yf-f-gas-1.jpg\" \/>\n\t<meta property=\"og:image:width\" content=\"2480\" \/>\n\t<meta property=\"og:image:height\" content=\"1772\" \/>\n\t<meta property=\"og:image:type\" content=\"image\/jpeg\" \/>\n<meta name=\"author\" content=\"Estelle Ngongo\" \/>\n<meta name=\"twitter:card\" content=\"summary_large_image\" \/>\n<meta name=\"twitter:label1\" content=\"\u00c9crit par\" \/>\n\t<meta name=\"twitter:data1\" content=\"Estelle Ngongo\" \/>\n\t<meta name=\"twitter:label2\" content=\"Dur\u00e9e de lecture estim\u00e9e\" \/>\n\t<meta name=\"twitter:data2\" content=\"2 minutes\" \/>\n<script type=\"application\/ld+json\" class=\"yoast-schema-graph\">{\"@context\":\"https:\\\/\\\/schema.org\",\"@graph\":[{\"@type\":\"Article\",\"@id\":\"https:\\\/\\\/rexel.be\\\/fr\\\/rittal-vos-armoires-electriques-ont-elles-aussi-eu-trop-chaud-ces-derniers-mois\\\/#article\",\"isPartOf\":{\"@id\":\"https:\\\/\\\/rexel.be\\\/fr\\\/rittal-vos-armoires-electriques-ont-elles-aussi-eu-trop-chaud-ces-derniers-mois\\\/\"},\"author\":{\"name\":\"Estelle Ngongo\",\"@id\":\"https:\\\/\\\/rexel.be\\\/fr\\\/#\\\/schema\\\/person\\\/b3217dbb9d4438b8349f160fff9106c9\"},\"headline\":\"RITTAL : Vos armoires \u00e9lectriques ont-elles aussi eu trop chaud ces derniers mois ?\",\"datePublished\":\"2026-09-01T06:49:28+00:00\",\"mainEntityOfPage\":{\"@id\":\"https:\\\/\\\/rexel.be\\\/fr\\\/rittal-vos-armoires-electriques-ont-elles-aussi-eu-trop-chaud-ces-derniers-mois\\\/\"},\"wordCount\":167,\"image\":{\"@id\":\"https:\\\/\\\/rexel.be\\\/fr\\\/rittal-vos-armoires-electriques-ont-elles-aussi-eu-trop-chaud-ces-derniers-mois\\\/#primaryimage\"},\"thumbnailUrl\":\"https:\\\/\\\/rexel.be\\\/wp-content\\\/uploads\\\/2026\\\/07\\\/R-1234yf-f-gas-1.jpg\",\"articleSection\":[\"Nouveautes produits\"],\"inLanguage\":\"fr-FR\"},{\"@type\":\"WebPage\",\"@id\":\"https:\\\/\\\/rexel.be\\\/fr\\\/rittal-vos-armoires-electriques-ont-elles-aussi-eu-trop-chaud-ces-derniers-mois\\\/\",\"url\":\"https:\\\/\\\/rexel.be\\\/fr\\\/rittal-vos-armoires-electriques-ont-elles-aussi-eu-trop-chaud-ces-derniers-mois\\\/\",\"name\":\"RITTAL : Vos armoires \u00e9lectriques ont-elles aussi eu trop chaud ces derniers mois ?\",\"isPartOf\":{\"@id\":\"https:\\\/\\\/rexel.be\\\/fr\\\/#website\"},\"primaryImageOfPage\":{\"@id\":\"https:\\\/\\\/rexel.be\\\/fr\\\/rittal-vos-armoires-electriques-ont-elles-aussi-eu-trop-chaud-ces-derniers-mois\\\/#primaryimage\"},\"image\":{\"@id\":\"https:\\\/\\\/rexel.be\\\/fr\\\/rittal-vos-armoires-electriques-ont-elles-aussi-eu-trop-chaud-ces-derniers-mois\\\/#primaryimage\"},\"thumbnailUrl\":\"https:\\\/\\\/rexel.be\\\/wp-content\\\/uploads\\\/2026\\\/07\\\/R-1234yf-f-gas-1.jpg\",\"datePublished\":\"2026-09-01T06:49:28+00:00\",\"author\":{\"@id\":\"https:\\\/\\\/rexel.be\\\/fr\\\/#\\\/schema\\\/person\\\/b3217dbb9d4438b8349f160fff9106c9\"},\"breadcrumb\":{\"@id\":\"https:\\\/\\\/rexel.be\\\/fr\\\/rittal-vos-armoires-electriques-ont-elles-aussi-eu-trop-chaud-ces-derniers-mois\\\/#breadcrumb\"},\"inLanguage\":\"fr-FR\",\"potentialAction\":[{\"@type\":\"ReadAction\",\"target\":[\"https:\\\/\\\/rexel.be\\\/fr\\\/rittal-vos-armoires-electriques-ont-elles-aussi-eu-trop-chaud-ces-derniers-mois\\\/\"]}]},{\"@type\":\"ImageObject\",\"inLanguage\":\"fr-FR\",\"@id\":\"https:\\\/\\\/rexel.be\\\/fr\\\/rittal-vos-armoires-electriques-ont-elles-aussi-eu-trop-chaud-ces-derniers-mois\\\/#primaryimage\",\"url\":\"https:\\\/\\\/rexel.be\\\/wp-content\\\/uploads\\\/2026\\\/07\\\/R-1234yf-f-gas-1.jpg\",\"contentUrl\":\"https:\\\/\\\/rexel.be\\\/wp-content\\\/uploads\\\/2026\\\/07\\\/R-1234yf-f-gas-1.jpg\",\"width\":2480,\"height\":1772},{\"@type\":\"BreadcrumbList\",\"@id\":\"https:\\\/\\\/rexel.be\\\/fr\\\/rittal-vos-armoires-electriques-ont-elles-aussi-eu-trop-chaud-ces-derniers-mois\\\/#breadcrumb\",\"itemListElement\":[{\"@type\":\"ListItem\",\"position\":1,\"name\":\"Home\",\"item\":\"https:\\\/\\\/rexel.be\\\/fr\\\/\"},{\"@type\":\"ListItem\",\"position\":2,\"name\":\"RITTAL : Vos armoires \u00e9lectriques ont-elles aussi eu trop chaud ces derniers mois ?\"}]},{\"@type\":\"WebSite\",\"@id\":\"https:\\\/\\\/rexel.be\\\/fr\\\/#website\",\"url\":\"https:\\\/\\\/rexel.be\\\/fr\\\/\",\"name\":\"Rexel\",\"description\":\"\",\"potentialAction\":[{\"@type\":\"SearchAction\",\"target\":{\"@type\":\"EntryPoint\",\"urlTemplate\":\"https:\\\/\\\/rexel.be\\\/fr\\\/?s={search_term_string}\"},\"query-input\":{\"@type\":\"PropertyValueSpecification\",\"valueRequired\":true,\"valueName\":\"search_term_string\"}}],\"inLanguage\":\"fr-FR\"},{\"@type\":\"Person\",\"@id\":\"https:\\\/\\\/rexel.be\\\/fr\\\/#\\\/schema\\\/person\\\/b3217dbb9d4438b8349f160fff9106c9\",\"name\":\"Estelle Ngongo\",\"image\":{\"@type\":\"ImageObject\",\"inLanguage\":\"fr-FR\",\"@id\":\"https:\\\/\\\/secure.gravatar.com\\\/avatar\\\/b2bee27c4c84d4d9a8a739f35f369f9e1914f1f6e3e4554284f76839766598dd?s=96&d=mm&r=g\",\"url\":\"https:\\\/\\\/secure.gravatar.com\\\/avatar\\\/b2bee27c4c84d4d9a8a739f35f369f9e1914f1f6e3e4554284f76839766598dd?s=96&d=mm&r=g\",\"contentUrl\":\"https:\\\/\\\/secure.gravatar.com\\\/avatar\\\/b2bee27c4c84d4d9a8a739f35f369f9e1914f1f6e3e4554284f76839766598dd?s=96&d=mm&r=g\",\"caption\":\"Estelle Ngongo\"}}]}<\/script>\n<!-- \/ Yoast SEO plugin. -->","yoast_head_json":{"title":"RITTAL : Vos armoires \u00e9lectriques ont-elles aussi eu trop chaud ces derniers mois ?","robots":{"index":"index","follow":"follow","max-snippet":"max-snippet:-1","max-image-preview":"max-image-preview:large","max-video-preview":"max-video-preview:-1"},"canonical":"https:\/\/rexel.be\/fr\/rittal-vos-armoires-electriques-ont-elles-aussi-eu-trop-chaud-ces-derniers-mois\/","og_locale":"fr_FR","og_type":"article","og_title":"RITTAL : Vos armoires \u00e9lectriques ont-elles aussi eu trop chaud ces derniers mois ?","og_description":"Avec la hausse des temp\u00e9ratures et des exigences accrues en mati\u00e8re de disponibilit\u00e9 des machines, une r\u00e9gulation climatique fiable n\u2019est plus un luxe. Les climatiseurs et chillers Rittal maintiennent efficacement la temp\u00e9rature de vos armoires \u00e9lectriques et applications industrielles sous contr\u00f4le, aujourd\u2019hui comme demain.","og_url":"https:\/\/rexel.be\/fr\/rittal-vos-armoires-electriques-ont-elles-aussi-eu-trop-chaud-ces-derniers-mois\/","og_site_name":"Rexel","article_published_time":"2026-09-01T06:49:28+00:00","og_image":[{"width":2480,"height":1772,"url":"https:\/\/rexel.be\/wp-content\/uploads\/2026\/07\/R-1234yf-f-gas-1.jpg","type":"image\/jpeg"}],"author":"Estelle Ngongo","twitter_card":"summary_large_image","twitter_misc":{"\u00c9crit par":"Estelle Ngongo","Dur\u00e9e de lecture estim\u00e9e":"2 minutes"},"schema":{"@context":"https:\/\/schema.org","@graph":[{"@type":"Article","@id":"https:\/\/rexel.be\/fr\/rittal-vos-armoires-electriques-ont-elles-aussi-eu-trop-chaud-ces-derniers-mois\/#article","isPartOf":{"@id":"https:\/\/rexel.be\/fr\/rittal-vos-armoires-electriques-ont-elles-aussi-eu-trop-chaud-ces-derniers-mois\/"},"author":{"name":"Estelle Ngongo","@id":"https:\/\/rexel.be\/fr\/#\/schema\/person\/b3217dbb9d4438b8349f160fff9106c9"},"headline":"RITTAL : Vos armoires \u00e9lectriques ont-elles aussi eu trop chaud ces derniers mois ?","datePublished":"2026-09-01T06:49:28+00:00","mainEntityOfPage":{"@id":"https:\/\/rexel.be\/fr\/rittal-vos-armoires-electriques-ont-elles-aussi-eu-trop-chaud-ces-derniers-mois\/"},"wordCount":167,"image":{"@id":"https:\/\/rexel.be\/fr\/rittal-vos-armoires-electriques-ont-elles-aussi-eu-trop-chaud-ces-derniers-mois\/#primaryimage"},"thumbnailUrl":"https:\/\/rexel.be\/wp-content\/uploads\/2026\/07\/R-1234yf-f-gas-1.jpg","articleSection":["Nouveautes produits"],"inLanguage":"fr-FR"},{"@type":"WebPage","@id":"https:\/\/rexel.be\/fr\/rittal-vos-armoires-electriques-ont-elles-aussi-eu-trop-chaud-ces-derniers-mois\/","url":"https:\/\/rexel.be\/fr\/rittal-vos-armoires-electriques-ont-elles-aussi-eu-trop-chaud-ces-derniers-mois\/","name":"RITTAL : Vos armoires \u00e9lectriques ont-elles aussi eu trop chaud ces derniers mois ?","isPartOf":{"@id":"https:\/\/rexel.be\/fr\/#website"},"primaryImageOfPage":{"@id":"https:\/\/rexel.be\/fr\/rittal-vos-armoires-electriques-ont-elles-aussi-eu-trop-chaud-ces-derniers-mois\/#primaryimage"},"image":{"@id":"https:\/\/rexel.be\/fr\/rittal-vos-armoires-electriques-ont-elles-aussi-eu-trop-chaud-ces-derniers-mois\/#primaryimage"},"thumbnailUrl":"https:\/\/rexel.be\/wp-content\/uploads\/2026\/07\/R-1234yf-f-gas-1.jpg","datePublished":"2026-09-01T06:49:28+00:00","author":{"@id":"https:\/\/rexel.be\/fr\/#\/schema\/person\/b3217dbb9d4438b8349f160fff9106c9"},"breadcrumb":{"@id":"https:\/\/rexel.be\/fr\/rittal-vos-armoires-electriques-ont-elles-aussi-eu-trop-chaud-ces-derniers-mois\/#breadcrumb"},"inLanguage":"fr-FR","potentialAction":[{"@type":"ReadAction","target":["https:\/\/rexel.be\/fr\/rittal-vos-armoires-electriques-ont-elles-aussi-eu-trop-chaud-ces-derniers-mois\/"]}]},{"@type":"ImageObject","inLanguage":"fr-FR","@id":"https:\/\/rexel.be\/fr\/rittal-vos-armoires-electriques-ont-elles-aussi-eu-trop-chaud-ces-derniers-mois\/#primaryimage","url":"https:\/\/rexel.be\/wp-content\/uploads\/2026\/07\/R-1234yf-f-gas-1.jpg","contentUrl":"https:\/\/rexel.be\/wp-content\/uploads\/2026\/07\/R-1234yf-f-gas-1.jpg","width":2480,"height":1772},{"@type":"BreadcrumbList","@id":"https:\/\/rexel.be\/fr\/rittal-vos-armoires-electriques-ont-elles-aussi-eu-trop-chaud-ces-derniers-mois\/#breadcrumb","itemListElement":[{"@type":"ListItem","position":1,"name":"Home","item":"https:\/\/rexel.be\/fr\/"},{"@type":"ListItem","position":2,"name":"RITTAL : Vos armoires \u00e9lectriques ont-elles aussi eu trop chaud ces derniers mois ?"}]},{"@type":"WebSite","@id":"https:\/\/rexel.be\/fr\/#website","url":"https:\/\/rexel.be\/fr\/","name":"Rexel","description":"","potentialAction":[{"@type":"SearchAction","target":{"@type":"EntryPoint","urlTemplate":"https:\/\/rexel.be\/fr\/?s={search_term_string}"},"query-input":{"@type":"PropertyValueSpecification","valueRequired":true,"valueName":"search_term_string"}}],"inLanguage":"fr-FR"},{"@type":"Person","@id":"https:\/\/rexel.be\/fr\/#\/schema\/person\/b3217dbb9d4438b8349f160fff9106c9","name":"Estelle Ngongo","image":{"@type":"ImageObject","inLanguage":"fr-FR","@id":"https:\/\/secure.gravatar.com\/avatar\/b2bee27c4c84d4d9a8a739f35f369f9e1914f1f6e3e4554284f76839766598dd?s=96&d=mm&r=g","url":"https:\/\/secure.gravatar.com\/avatar\/b2bee27c4c84d4d9a8a739f35f369f9e1914f1f6e3e4554284f76839766598dd?s=96&d=mm&r=g","contentUrl":"https:\/\/secure.gravatar.com\/avatar\/b2bee27c4c84d4d9a8a739f35f369f9e1914f1f6e3e4554284f76839766598dd?s=96&d=mm&r=g","caption":"Estelle Ngongo"}}]}},"_links":{"self":[{"href":"https:\/\/rexel.be\/fr\/wp-json\/wp\/v2\/posts\/15466","targetHints":{"allow":["GET"]}}],"collection":[{"href":"https:\/\/rexel.be\/fr\/wp-json\/wp\/v2\/posts"}],"about":[{"href":"https:\/\/rexel.be\/fr\/wp-json\/wp\/v2\/types\/post"}],"author":[{"embeddable":true,"href":"https:\/\/rexel.be\/fr\/wp-json\/wp\/v2\/users\/10"}],"replies":[{"embeddable":true,"href":"https:\/\/rexel.be\/fr\/wp-json\/wp\/v2\/comments?post=15466"}],"version-history":[{"count":5,"href":"https:\/\/rexel.be\/fr\/wp-json\/wp\/v2\/posts\/15466\/revisions"}],"predecessor-version":[{"id":17937,"href":"https:\/\/rexel.be\/fr\/wp-json\/wp\/v2\/posts\/15466\/revisions\/17937"}],"wp:featuredmedia":[{"embeddable":true,"href":"https:\/\/rexel.be\/fr\/wp-json\/wp\/v2\/media\/15470"}],"wp:attachment":[{"href":"https:\/\/rexel.be\/fr\/wp-json\/wp\/v2\/media?parent=15466"}],"wp:term":[{"taxonomy":"category","embeddable":true,"href":"https:\/\/rexel.be\/fr\/wp-json\/wp\/v2\/categories?post=15466"},{"taxonomy":"post_tag","embeddable":true,"href":"https:\/\/rexel.be\/fr\/wp-json\/wp\/v2\/tags?post=15466"},{"taxonomy":"nieuws_oplossing","embeddable":true,"href":"https:\/\/rexel.be\/fr\/wp-json\/wp\/v2\/nieuws_oplossing?post=15466"},{"taxonomy":"nieuws_product","embeddable":true,"href":"https:\/\/rexel.be\/fr\/wp-json\/wp\/v2\/nieuws_product?post=15466"}],"curies":[{"name":"wp","href":"https:\/\/api.w.org\/{rel}","templated":true}]}}