{"id":15341,"date":"2026-09-01T08:53:30","date_gmt":"2026-09-01T06:53:30","guid":{"rendered":"https:\/\/rexel.be\/?p=15341"},"modified":"2026-09-01T08:53:30","modified_gmt":"2026-09-01T06:53:30","slug":"esylux-appliques-exterieures-serie-wilma","status":"publish","type":"post","link":"https:\/\/rexel.be\/fr\/esylux-appliques-exterieures-serie-wilma\/","title":{"rendered":"ESYLUX : Appliques ext\u00e9rieures s\u00e9rie WILMA"},"content":{"rendered":"\n<p><strong>D\u00e9couvrez WILMA, nos appliques LED d\u2019ext\u00e9rieur !<\/strong><\/p>\n\n\n\n<figure class=\"wp-block-image size-full\"><img decoding=\"async\" src=\"https:\/\/rexel.be\/wp-content\/uploads\/2026\/08\/Basic-package_September2026_Rexel_pic2.jpg\" alt=\"\" class=\"wp-image-16277\"\/><\/figure>\n\n\n\n<ul class=\"wp-block-list\">\n<li>Bo\u00eetier robuste au design \u00e9l\u00e9gant et intemporel<\/li>\n\n\n\n<li>Mod\u00e8les avec d\u00e9tecteur de mouvement int\u00e9gr\u00e9, protection au ras du mur et entr\u00e9e poussoir<\/li>\n\n\n\n<li>D\u00e9tecteur avec fonction <strong>d&rsquo;\u00e9clairage r\u00e9siduel<\/strong> (une fois la temporisation \u00e9coul\u00e9e, l&rsquo;\u00e9clairage r\u00e9siduel maintient une lumi\u00e8re plus faible pendant un certain temps. Ainsi, lors de courtes absences, par exemple, vous retrouvez une intensit\u00e9 d&rsquo;\u00e9clairage tamis\u00e9e agr\u00e9able) ou <strong>balisage<\/strong> (maintient en permanence une lumi\u00e8re plus faible du cr\u00e9puscule \u00e0 l&rsquo;aube.<\/li>\n\n\n\n<li>L&rsquo;applique WILMA s&rsquo;allume au maximum tant qu&rsquo;un mouvement est d\u00e9tect\u00e9 plus la temporization)<\/li>\n\n\n\n<li>Disponible en blanc ou anthracite, en deux tailles et avec ou sans d\u00e9tecteur de mouvement. Le bo\u00eetier robuste dispose d&rsquo;un indice de protection optimal IP65.<\/li>\n\n\n\n<li>Temp\u00e9rature de couleur commutable au choix sur 2700 K ou 4000 K<\/li>\n\n\n\n<li>Le d\u00e9tecteur de mouvement peut \u00eatre configur\u00e9 via l&rsquo;<strong>ESY-Pen<\/strong> et l&rsquo;<strong>ESY-App<\/strong>, avec m\u00eame une protection par mot de passe, une t\u00e9l\u00e9commande ou les potentiom\u00e8tres<\/li>\n\n\n\n<li>C\u00e2blage traversant possible avec deux membranes d&rsquo;\u00e9tanch\u00e9it\u00e9 \u00e9lastiques<\/li>\n\n\n\n<li>Borne enfichable fournie pour raccorder le(s) conducteur(s) de terre<\/li>\n\n\n\n<li>Un poussoir peut \u00eatre raccord\u00e9, pour forcer manuellement l&rsquo;allumage ou l&rsquo;extinction<\/li>\n<\/ul>\n\n\n\n<div class=\"wp-block-buttons is-content-justification-center is-layout-flex wp-container-core-buttons-is-layout-a89b3969 wp-block-buttons-is-layout-flex\">\n<div class=\"wp-block-button\"><a class=\"wp-block-button__link wp-element-button\" href=\"https:\/\/netstore.rexel.be\/NS\/Start?dm&amp;language=FR&amp;action=rd&amp;to=is&amp;var1=EL10851&amp;utm_source=rexelwebsite&amp;utm_medium=referral&amp;utm_campaign=productnews\" target=\"_blank\" rel=\"noreferrer noopener\">Commander sur Netstore<\/a><\/div>\n<\/div>\n\n\n\n<figure class=\"wp-block-image aligncenter size-full is-resized\"><img loading=\"lazy\" decoding=\"async\" width=\"425\" height=\"265\" src=\"https:\/\/rexel.be\/wp-content\/uploads\/2025\/10\/Esylux-web.jpg\" alt=\"\" class=\"wp-image-1494\" style=\"width:200px\" srcset=\"https:\/\/rexel.be\/wp-content\/uploads\/2025\/10\/Esylux-web.jpg 425w, https:\/\/rexel.be\/wp-content\/uploads\/2025\/10\/Esylux-web-300x187.jpg 300w\" sizes=\"auto, (max-width: 425px) 100vw, 425px\" \/><\/figure>\n","protected":false},"excerpt":{"rendered":"<p>D\u00e9couvrez WILMA, nos appliques LED d\u2019ext\u00e9rieur !<\/p>\n","protected":false},"author":10,"featured_media":16276,"comment_status":"closed","ping_status":"closed","sticky":false,"template":"","format":"standard","meta":{"_acf_changed":false,"inline_featured_image":false,"footnotes":"","_links_to":"","_links_to_target":""},"categories":[50],"tags":[],"nieuws_oplossing":[],"nieuws_product":[186],"class_list":["post-15341","post","type-post","status-publish","format-standard","has-post-thumbnail","hentry","category-nouveautes-produits","nieuws_product-securite-confort"],"acf":[],"yoast_head":"<!-- This site is optimized with the Yoast SEO plugin v27.4 - https:\/\/yoast.com\/product\/yoast-seo-wordpress\/ -->\n<title>ESYLUX : Appliques ext\u00e9rieures s\u00e9rie WILMA<\/title>\n<meta name=\"robots\" content=\"index, follow, max-snippet:-1, max-image-preview:large, max-video-preview:-1\" \/>\n<link rel=\"canonical\" href=\"https:\/\/rexel.be\/fr\/esylux-appliques-exterieures-serie-wilma\/\" \/>\n<meta property=\"og:locale\" content=\"fr_FR\" \/>\n<meta property=\"og:type\" content=\"article\" \/>\n<meta property=\"og:title\" content=\"ESYLUX : Appliques ext\u00e9rieures s\u00e9rie WILMA\" \/>\n<meta property=\"og:description\" content=\"D\u00e9couvrez WILMA, nos appliques LED d\u2019ext\u00e9rieur !\" \/>\n<meta property=\"og:url\" content=\"https:\/\/rexel.be\/fr\/esylux-appliques-exterieures-serie-wilma\/\" \/>\n<meta property=\"og:site_name\" content=\"Rexel\" \/>\n<meta property=\"article:published_time\" content=\"2026-09-01T06:53:30+00:00\" \/>\n<meta property=\"og:image\" content=\"https:\/\/rexel.be\/wp-content\/uploads\/2026\/08\/tile-Esymux.png\" \/>\n\t<meta property=\"og:image:width\" content=\"225\" \/>\n\t<meta property=\"og:image:height\" content=\"225\" \/>\n\t<meta property=\"og:image:type\" content=\"image\/png\" \/>\n<meta name=\"author\" content=\"Estelle Ngongo\" \/>\n<meta name=\"twitter:card\" content=\"summary_large_image\" \/>\n<meta name=\"twitter:label1\" content=\"\u00c9crit par\" \/>\n\t<meta name=\"twitter:data1\" content=\"Estelle Ngongo\" \/>\n\t<meta name=\"twitter:label2\" content=\"Dur\u00e9e de lecture estim\u00e9e\" \/>\n\t<meta name=\"twitter:data2\" content=\"2 minutes\" \/>\n<script type=\"application\/ld+json\" class=\"yoast-schema-graph\">{\"@context\":\"https:\\\/\\\/schema.org\",\"@graph\":[{\"@type\":\"Article\",\"@id\":\"https:\\\/\\\/rexel.be\\\/fr\\\/esylux-appliques-exterieures-serie-wilma\\\/#article\",\"isPartOf\":{\"@id\":\"https:\\\/\\\/rexel.be\\\/fr\\\/esylux-appliques-exterieures-serie-wilma\\\/\"},\"author\":{\"name\":\"Estelle Ngongo\",\"@id\":\"https:\\\/\\\/rexel.be\\\/fr\\\/#\\\/schema\\\/person\\\/b3217dbb9d4438b8349f160fff9106c9\"},\"headline\":\"ESYLUX : Appliques ext\u00e9rieures s\u00e9rie WILMA\",\"datePublished\":\"2026-09-01T06:53:30+00:00\",\"mainEntityOfPage\":{\"@id\":\"https:\\\/\\\/rexel.be\\\/fr\\\/esylux-appliques-exterieures-serie-wilma\\\/\"},\"wordCount\":228,\"image\":{\"@id\":\"https:\\\/\\\/rexel.be\\\/fr\\\/esylux-appliques-exterieures-serie-wilma\\\/#primaryimage\"},\"thumbnailUrl\":\"https:\\\/\\\/rexel.be\\\/wp-content\\\/uploads\\\/2026\\\/08\\\/tile-Esymux.png\",\"articleSection\":[\"Nouveautes produits\"],\"inLanguage\":\"fr-FR\"},{\"@type\":\"WebPage\",\"@id\":\"https:\\\/\\\/rexel.be\\\/fr\\\/esylux-appliques-exterieures-serie-wilma\\\/\",\"url\":\"https:\\\/\\\/rexel.be\\\/fr\\\/esylux-appliques-exterieures-serie-wilma\\\/\",\"name\":\"ESYLUX : Appliques ext\u00e9rieures s\u00e9rie WILMA\",\"isPartOf\":{\"@id\":\"https:\\\/\\\/rexel.be\\\/fr\\\/#website\"},\"primaryImageOfPage\":{\"@id\":\"https:\\\/\\\/rexel.be\\\/fr\\\/esylux-appliques-exterieures-serie-wilma\\\/#primaryimage\"},\"image\":{\"@id\":\"https:\\\/\\\/rexel.be\\\/fr\\\/esylux-appliques-exterieures-serie-wilma\\\/#primaryimage\"},\"thumbnailUrl\":\"https:\\\/\\\/rexel.be\\\/wp-content\\\/uploads\\\/2026\\\/08\\\/tile-Esymux.png\",\"datePublished\":\"2026-09-01T06:53:30+00:00\",\"author\":{\"@id\":\"https:\\\/\\\/rexel.be\\\/fr\\\/#\\\/schema\\\/person\\\/b3217dbb9d4438b8349f160fff9106c9\"},\"breadcrumb\":{\"@id\":\"https:\\\/\\\/rexel.be\\\/fr\\\/esylux-appliques-exterieures-serie-wilma\\\/#breadcrumb\"},\"inLanguage\":\"fr-FR\",\"potentialAction\":[{\"@type\":\"ReadAction\",\"target\":[\"https:\\\/\\\/rexel.be\\\/fr\\\/esylux-appliques-exterieures-serie-wilma\\\/\"]}]},{\"@type\":\"ImageObject\",\"inLanguage\":\"fr-FR\",\"@id\":\"https:\\\/\\\/rexel.be\\\/fr\\\/esylux-appliques-exterieures-serie-wilma\\\/#primaryimage\",\"url\":\"https:\\\/\\\/rexel.be\\\/wp-content\\\/uploads\\\/2026\\\/08\\\/tile-Esymux.png\",\"contentUrl\":\"https:\\\/\\\/rexel.be\\\/wp-content\\\/uploads\\\/2026\\\/08\\\/tile-Esymux.png\",\"width\":225,\"height\":225},{\"@type\":\"BreadcrumbList\",\"@id\":\"https:\\\/\\\/rexel.be\\\/fr\\\/esylux-appliques-exterieures-serie-wilma\\\/#breadcrumb\",\"itemListElement\":[{\"@type\":\"ListItem\",\"position\":1,\"name\":\"Home\",\"item\":\"https:\\\/\\\/rexel.be\\\/fr\\\/\"},{\"@type\":\"ListItem\",\"position\":2,\"name\":\"ESYLUX : Appliques ext\u00e9rieures s\u00e9rie WILMA\"}]},{\"@type\":\"WebSite\",\"@id\":\"https:\\\/\\\/rexel.be\\\/fr\\\/#website\",\"url\":\"https:\\\/\\\/rexel.be\\\/fr\\\/\",\"name\":\"Rexel\",\"description\":\"\",\"potentialAction\":[{\"@type\":\"SearchAction\",\"target\":{\"@type\":\"EntryPoint\",\"urlTemplate\":\"https:\\\/\\\/rexel.be\\\/fr\\\/?s={search_term_string}\"},\"query-input\":{\"@type\":\"PropertyValueSpecification\",\"valueRequired\":true,\"valueName\":\"search_term_string\"}}],\"inLanguage\":\"fr-FR\"},{\"@type\":\"Person\",\"@id\":\"https:\\\/\\\/rexel.be\\\/fr\\\/#\\\/schema\\\/person\\\/b3217dbb9d4438b8349f160fff9106c9\",\"name\":\"Estelle Ngongo\",\"image\":{\"@type\":\"ImageObject\",\"inLanguage\":\"fr-FR\",\"@id\":\"https:\\\/\\\/secure.gravatar.com\\\/avatar\\\/b2bee27c4c84d4d9a8a739f35f369f9e1914f1f6e3e4554284f76839766598dd?s=96&d=mm&r=g\",\"url\":\"https:\\\/\\\/secure.gravatar.com\\\/avatar\\\/b2bee27c4c84d4d9a8a739f35f369f9e1914f1f6e3e4554284f76839766598dd?s=96&d=mm&r=g\",\"contentUrl\":\"https:\\\/\\\/secure.gravatar.com\\\/avatar\\\/b2bee27c4c84d4d9a8a739f35f369f9e1914f1f6e3e4554284f76839766598dd?s=96&d=mm&r=g\",\"caption\":\"Estelle Ngongo\"}}]}<\/script>\n<!-- \/ Yoast SEO plugin. -->","yoast_head_json":{"title":"ESYLUX : Appliques ext\u00e9rieures s\u00e9rie WILMA","robots":{"index":"index","follow":"follow","max-snippet":"max-snippet:-1","max-image-preview":"max-image-preview:large","max-video-preview":"max-video-preview:-1"},"canonical":"https:\/\/rexel.be\/fr\/esylux-appliques-exterieures-serie-wilma\/","og_locale":"fr_FR","og_type":"article","og_title":"ESYLUX : Appliques ext\u00e9rieures s\u00e9rie WILMA","og_description":"D\u00e9couvrez WILMA, nos appliques LED d\u2019ext\u00e9rieur !","og_url":"https:\/\/rexel.be\/fr\/esylux-appliques-exterieures-serie-wilma\/","og_site_name":"Rexel","article_published_time":"2026-09-01T06:53:30+00:00","og_image":[{"width":225,"height":225,"url":"https:\/\/rexel.be\/wp-content\/uploads\/2026\/08\/tile-Esymux.png","type":"image\/png"}],"author":"Estelle Ngongo","twitter_card":"summary_large_image","twitter_misc":{"\u00c9crit par":"Estelle Ngongo","Dur\u00e9e de lecture estim\u00e9e":"2 minutes"},"schema":{"@context":"https:\/\/schema.org","@graph":[{"@type":"Article","@id":"https:\/\/rexel.be\/fr\/esylux-appliques-exterieures-serie-wilma\/#article","isPartOf":{"@id":"https:\/\/rexel.be\/fr\/esylux-appliques-exterieures-serie-wilma\/"},"author":{"name":"Estelle Ngongo","@id":"https:\/\/rexel.be\/fr\/#\/schema\/person\/b3217dbb9d4438b8349f160fff9106c9"},"headline":"ESYLUX : Appliques ext\u00e9rieures s\u00e9rie WILMA","datePublished":"2026-09-01T06:53:30+00:00","mainEntityOfPage":{"@id":"https:\/\/rexel.be\/fr\/esylux-appliques-exterieures-serie-wilma\/"},"wordCount":228,"image":{"@id":"https:\/\/rexel.be\/fr\/esylux-appliques-exterieures-serie-wilma\/#primaryimage"},"thumbnailUrl":"https:\/\/rexel.be\/wp-content\/uploads\/2026\/08\/tile-Esymux.png","articleSection":["Nouveautes produits"],"inLanguage":"fr-FR"},{"@type":"WebPage","@id":"https:\/\/rexel.be\/fr\/esylux-appliques-exterieures-serie-wilma\/","url":"https:\/\/rexel.be\/fr\/esylux-appliques-exterieures-serie-wilma\/","name":"ESYLUX : Appliques ext\u00e9rieures s\u00e9rie WILMA","isPartOf":{"@id":"https:\/\/rexel.be\/fr\/#website"},"primaryImageOfPage":{"@id":"https:\/\/rexel.be\/fr\/esylux-appliques-exterieures-serie-wilma\/#primaryimage"},"image":{"@id":"https:\/\/rexel.be\/fr\/esylux-appliques-exterieures-serie-wilma\/#primaryimage"},"thumbnailUrl":"https:\/\/rexel.be\/wp-content\/uploads\/2026\/08\/tile-Esymux.png","datePublished":"2026-09-01T06:53:30+00:00","author":{"@id":"https:\/\/rexel.be\/fr\/#\/schema\/person\/b3217dbb9d4438b8349f160fff9106c9"},"breadcrumb":{"@id":"https:\/\/rexel.be\/fr\/esylux-appliques-exterieures-serie-wilma\/#breadcrumb"},"inLanguage":"fr-FR","potentialAction":[{"@type":"ReadAction","target":["https:\/\/rexel.be\/fr\/esylux-appliques-exterieures-serie-wilma\/"]}]},{"@type":"ImageObject","inLanguage":"fr-FR","@id":"https:\/\/rexel.be\/fr\/esylux-appliques-exterieures-serie-wilma\/#primaryimage","url":"https:\/\/rexel.be\/wp-content\/uploads\/2026\/08\/tile-Esymux.png","contentUrl":"https:\/\/rexel.be\/wp-content\/uploads\/2026\/08\/tile-Esymux.png","width":225,"height":225},{"@type":"BreadcrumbList","@id":"https:\/\/rexel.be\/fr\/esylux-appliques-exterieures-serie-wilma\/#breadcrumb","itemListElement":[{"@type":"ListItem","position":1,"name":"Home","item":"https:\/\/rexel.be\/fr\/"},{"@type":"ListItem","position":2,"name":"ESYLUX : Appliques ext\u00e9rieures s\u00e9rie WILMA"}]},{"@type":"WebSite","@id":"https:\/\/rexel.be\/fr\/#website","url":"https:\/\/rexel.be\/fr\/","name":"Rexel","description":"","potentialAction":[{"@type":"SearchAction","target":{"@type":"EntryPoint","urlTemplate":"https:\/\/rexel.be\/fr\/?s={search_term_string}"},"query-input":{"@type":"PropertyValueSpecification","valueRequired":true,"valueName":"search_term_string"}}],"inLanguage":"fr-FR"},{"@type":"Person","@id":"https:\/\/rexel.be\/fr\/#\/schema\/person\/b3217dbb9d4438b8349f160fff9106c9","name":"Estelle Ngongo","image":{"@type":"ImageObject","inLanguage":"fr-FR","@id":"https:\/\/secure.gravatar.com\/avatar\/b2bee27c4c84d4d9a8a739f35f369f9e1914f1f6e3e4554284f76839766598dd?s=96&d=mm&r=g","url":"https:\/\/secure.gravatar.com\/avatar\/b2bee27c4c84d4d9a8a739f35f369f9e1914f1f6e3e4554284f76839766598dd?s=96&d=mm&r=g","contentUrl":"https:\/\/secure.gravatar.com\/avatar\/b2bee27c4c84d4d9a8a739f35f369f9e1914f1f6e3e4554284f76839766598dd?s=96&d=mm&r=g","caption":"Estelle Ngongo"}}]}},"_links":{"self":[{"href":"https:\/\/rexel.be\/fr\/wp-json\/wp\/v2\/posts\/15341","targetHints":{"allow":["GET"]}}],"collection":[{"href":"https:\/\/rexel.be\/fr\/wp-json\/wp\/v2\/posts"}],"about":[{"href":"https:\/\/rexel.be\/fr\/wp-json\/wp\/v2\/types\/post"}],"author":[{"embeddable":true,"href":"https:\/\/rexel.be\/fr\/wp-json\/wp\/v2\/users\/10"}],"replies":[{"embeddable":true,"href":"https:\/\/rexel.be\/fr\/wp-json\/wp\/v2\/comments?post=15341"}],"version-history":[{"count":7,"href":"https:\/\/rexel.be\/fr\/wp-json\/wp\/v2\/posts\/15341\/revisions"}],"predecessor-version":[{"id":16280,"href":"https:\/\/rexel.be\/fr\/wp-json\/wp\/v2\/posts\/15341\/revisions\/16280"}],"wp:featuredmedia":[{"embeddable":true,"href":"https:\/\/rexel.be\/fr\/wp-json\/wp\/v2\/media\/16276"}],"wp:attachment":[{"href":"https:\/\/rexel.be\/fr\/wp-json\/wp\/v2\/media?parent=15341"}],"wp:term":[{"taxonomy":"category","embeddable":true,"href":"https:\/\/rexel.be\/fr\/wp-json\/wp\/v2\/categories?post=15341"},{"taxonomy":"post_tag","embeddable":true,"href":"https:\/\/rexel.be\/fr\/wp-json\/wp\/v2\/tags?post=15341"},{"taxonomy":"nieuws_oplossing","embeddable":true,"href":"https:\/\/rexel.be\/fr\/wp-json\/wp\/v2\/nieuws_oplossing?post=15341"},{"taxonomy":"nieuws_product","embeddable":true,"href":"https:\/\/rexel.be\/fr\/wp-json\/wp\/v2\/nieuws_product?post=15341"}],"curies":[{"name":"wp","href":"https:\/\/api.w.org\/{rel}","templated":true}]}}