{"id":15321,"date":"2026-08-31T14:18:42","date_gmt":"2026-08-31T12:18:42","guid":{"rendered":"https:\/\/rexel.be\/?p=15321"},"modified":"2026-08-31T14:18:42","modified_gmt":"2026-08-31T12:18:42","slug":"theben-theluxa-s180-theluxa-s360-detecteurs-de-mouvement-pour-lexterieur","status":"publish","type":"post","link":"https:\/\/rexel.be\/fr\/theben-theluxa-s180-theluxa-s360-detecteurs-de-mouvement-pour-lexterieur\/","title":{"rendered":"THEBEN : theLuxa S180 &amp; theLuxa S360, d\u00e9tecteurs de mouvement pour l\u2019ext\u00e9rieur"},"content":{"rendered":"\n<figure class=\"wp-block-image aligncenter size-large\"><img loading=\"lazy\" decoding=\"async\" width=\"1024\" height=\"683\" src=\"https:\/\/rexel.be\/wp-content\/uploads\/2026\/07\/theben_theluxas360bk_corneranglebk9070987-1024x683.jpg\" alt=\"\" class=\"wp-image-15314\" srcset=\"https:\/\/rexel.be\/wp-content\/uploads\/2026\/07\/theben_theluxas360bk_corneranglebk9070987-1024x683.jpg 1024w, https:\/\/rexel.be\/wp-content\/uploads\/2026\/07\/theben_theluxas360bk_corneranglebk9070987-300x200.jpg 300w, https:\/\/rexel.be\/wp-content\/uploads\/2026\/07\/theben_theluxas360bk_corneranglebk9070987-768x513.jpg 768w, https:\/\/rexel.be\/wp-content\/uploads\/2026\/07\/theben_theluxas360bk_corneranglebk9070987-1536x1025.jpg 1536w, https:\/\/rexel.be\/wp-content\/uploads\/2026\/07\/theben_theluxas360bk_corneranglebk9070987-2048x1367.jpg 2048w\" sizes=\"auto, (max-width: 1024px) 100vw, 1024px\" \/><\/figure>\n\n\n\n<p>Avec les d\u00e9tecteurs de mouvement <strong>theLuxa<\/strong> de Theben, l&rsquo;\u00e9clairage s&rsquo;active uniquement lorsque cela est n\u00e9cessaire, pour plus de confort, de s\u00e9curit\u00e9 et d&rsquo;efficacit\u00e9 \u00e9nerg\u00e9tique. Disponibles en blanc ou en noir, ils s&rsquo;int\u00e8grent discr\u00e8tement \u00e0 tous les environnements.<\/p>\n\n\n\n<p>Le <strong>theLuxa S180<\/strong> est id\u00e9al pour les entr\u00e9es, garages, all\u00e9es, caves ou b\u00e2timents tertiaires. Son angle de d\u00e9tection de 180\u00b0 jusqu&rsquo;\u00e0 12 m, sa t\u00eate orientable et ses nombreuses fonctions (apprentissage de la luminosit\u00e9, impulsion, test) garantissent une installation simple et performante.<\/p>\n\n\n\n<p>Le <strong>theLuxa S360<\/strong> offre une d\u00e9tection \u00e0 360\u00b0 jusqu&rsquo;\u00e0 32 m de diam\u00e8tre et convient parfaitement aux jardins, parkings et espaces de passage. Son montage mural, au plafond ou sur un <strong>angle de mur<\/strong> permet notamment de <strong>surveiller simultan\u00e9ment deux fa\u00e7ades<\/strong>, offrant une couverture optimale des zones d&rsquo;acc\u00e8s. Gr\u00e2ce \u00e0 son indice de protection IP66, ses r\u00e9glages pr\u00e9cis et sa compatibilit\u00e9 avec tous les types d&rsquo;\u00e9clairage, il constitue une solution fiable pour les applications les plus exigeantes.<\/p>\n\n\n\n<div class=\"wp-block-columns is-layout-flex wp-container-core-columns-is-layout-28f84493 wp-block-columns-is-layout-flex\">\n<div class=\"wp-block-column is-layout-flow wp-block-column-is-layout-flow\">\n<figure class=\"wp-block-embed is-type-video is-provider-youtube wp-block-embed-youtube wp-embed-aspect-16-9 wp-has-aspect-ratio\"><div class=\"wp-block-embed__wrapper\">\n<iframe loading=\"lazy\" title=\"theLuxa S180 D\u00e9tecteur de mouvement\" width=\"500\" height=\"281\" src=\"https:\/\/www.youtube.com\/embed\/uWQKdHsQIzs?feature=oembed&#038;enablejsapi=1\" frameborder=\"0\" allow=\"accelerometer; autoplay; clipboard-write; encrypted-media; gyroscope; picture-in-picture; web-share\" referrerpolicy=\"strict-origin-when-cross-origin\" allowfullscreen><\/iframe>\n<\/div><\/figure>\n<\/div>\n\n\n\n<div class=\"wp-block-column is-layout-flow wp-block-column-is-layout-flow\">\n<figure class=\"wp-block-embed is-type-video is-provider-youtube wp-block-embed-youtube wp-embed-aspect-16-9 wp-has-aspect-ratio\"><div class=\"wp-block-embed__wrapper\">\n<iframe loading=\"lazy\" title=\"theLuxa S360 Bewegungsmelder\" width=\"500\" height=\"281\" src=\"https:\/\/www.youtube.com\/embed\/WAMupsLtVmk?feature=oembed&#038;enablejsapi=1\" frameborder=\"0\" allow=\"accelerometer; autoplay; clipboard-write; encrypted-media; gyroscope; picture-in-picture; web-share\" referrerpolicy=\"strict-origin-when-cross-origin\" allowfullscreen><\/iframe>\n<\/div><\/figure>\n<\/div>\n<\/div>\n\n\n\n<div class=\"wp-block-buttons is-content-justification-center is-layout-flex wp-container-core-buttons-is-layout-a89b3969 wp-block-buttons-is-layout-flex\">\n<div class=\"wp-block-button\"><a class=\"wp-block-button__link wp-element-button\" href=\"https:\/\/netstore.rexel.be\/NS\/Start?dm&amp;language=FR&amp;action=rd&amp;to=is&amp;var1=theluxa&amp;utm_source=rexelwebsite&amp;utm_medium=referral&amp;utm_campaign=productnews\" target=\"_blank\" rel=\"noreferrer noopener\">Commander sur Netstore<\/a><\/div>\n<\/div>\n\n\n\n<figure class=\"wp-block-image aligncenter size-full is-resized\"><img loading=\"lazy\" decoding=\"async\" width=\"614\" height=\"142\" src=\"https:\/\/rexel.be\/wp-content\/uploads\/2026\/07\/theben.jpg\" alt=\"\" class=\"wp-image-15312\" style=\"width:200px\" srcset=\"https:\/\/rexel.be\/wp-content\/uploads\/2026\/07\/theben.jpg 614w, https:\/\/rexel.be\/wp-content\/uploads\/2026\/07\/theben-300x69.jpg 300w\" sizes=\"auto, (max-width: 614px) 100vw, 614px\" \/><\/figure>\n","protected":false},"excerpt":{"rendered":"<p>Met de theLuxa-bewegingsmelders van Theben gaat de verlichting alleen aan wanneer dat nodig is, voor meer comfort, veiligheid en energie-effici\u00ebntie. Ze zijn verkrijgbaar in wit of zwart en passen onopvallend in elke omgeving.<\/p>\n","protected":false},"author":10,"featured_media":15401,"comment_status":"closed","ping_status":"closed","sticky":false,"template":"","format":"standard","meta":{"_acf_changed":false,"inline_featured_image":false,"footnotes":"","_links_to":"","_links_to_target":""},"categories":[50],"tags":[],"nieuws_oplossing":[],"nieuws_product":[186],"class_list":["post-15321","post","type-post","status-publish","format-standard","has-post-thumbnail","hentry","category-nouveautes-produits","nieuws_product-securite-confort"],"acf":[],"yoast_head":"<!-- This site is optimized with the Yoast SEO plugin v27.4 - https:\/\/yoast.com\/product\/yoast-seo-wordpress\/ -->\n<title>THEBEN : theLuxa S180 &amp; theLuxa S360, d\u00e9tecteurs de mouvement pour l\u2019ext\u00e9rieur<\/title>\n<meta name=\"robots\" content=\"index, follow, max-snippet:-1, max-image-preview:large, max-video-preview:-1\" \/>\n<link rel=\"canonical\" href=\"https:\/\/rexel.be\/fr\/theben-theluxa-s180-theluxa-s360-detecteurs-de-mouvement-pour-lexterieur\/\" \/>\n<meta property=\"og:locale\" content=\"fr_FR\" \/>\n<meta property=\"og:type\" content=\"article\" \/>\n<meta property=\"og:title\" content=\"THEBEN : theLuxa S180 &amp; theLuxa S360, d\u00e9tecteurs de mouvement pour l\u2019ext\u00e9rieur\" \/>\n<meta property=\"og:description\" content=\"Met de theLuxa-bewegingsmelders van Theben gaat de verlichting alleen aan wanneer dat nodig is, voor meer comfort, veiligheid en energie-effici\u00ebntie. Ze zijn verkrijgbaar in wit of zwart en passen onopvallend in elke omgeving.\" \/>\n<meta property=\"og:url\" content=\"https:\/\/rexel.be\/fr\/theben-theluxa-s180-theluxa-s360-detecteurs-de-mouvement-pour-lexterieur\/\" \/>\n<meta property=\"og:site_name\" content=\"Rexel\" \/>\n<meta property=\"article:published_time\" content=\"2026-08-31T12:18:42+00:00\" \/>\n<meta property=\"og:image\" content=\"https:\/\/rexel.be\/wp-content\/uploads\/2026\/07\/theben_theluxas360bk_side-scaled.jpg\" \/>\n\t<meta property=\"og:image:width\" content=\"2560\" \/>\n\t<meta property=\"og:image:height\" content=\"1875\" \/>\n\t<meta property=\"og:image:type\" content=\"image\/jpeg\" \/>\n<meta name=\"author\" content=\"Estelle Ngongo\" \/>\n<meta name=\"twitter:card\" content=\"summary_large_image\" \/>\n<meta name=\"twitter:label1\" content=\"\u00c9crit par\" \/>\n\t<meta name=\"twitter:data1\" content=\"Estelle Ngongo\" \/>\n\t<meta name=\"twitter:label2\" content=\"Dur\u00e9e de lecture estim\u00e9e\" \/>\n\t<meta name=\"twitter:data2\" content=\"2 minutes\" \/>\n<script type=\"application\/ld+json\" class=\"yoast-schema-graph\">{\"@context\":\"https:\\\/\\\/schema.org\",\"@graph\":[{\"@type\":\"Article\",\"@id\":\"https:\\\/\\\/rexel.be\\\/fr\\\/theben-theluxa-s180-theluxa-s360-detecteurs-de-mouvement-pour-lexterieur\\\/#article\",\"isPartOf\":{\"@id\":\"https:\\\/\\\/rexel.be\\\/fr\\\/theben-theluxa-s180-theluxa-s360-detecteurs-de-mouvement-pour-lexterieur\\\/\"},\"author\":{\"name\":\"Estelle Ngongo\",\"@id\":\"https:\\\/\\\/rexel.be\\\/fr\\\/#\\\/schema\\\/person\\\/b3217dbb9d4438b8349f160fff9106c9\"},\"headline\":\"THEBEN : theLuxa S180 &amp; theLuxa S360, d\u00e9tecteurs de mouvement pour l\u2019ext\u00e9rieur\",\"datePublished\":\"2026-08-31T12:18:42+00:00\",\"mainEntityOfPage\":{\"@id\":\"https:\\\/\\\/rexel.be\\\/fr\\\/theben-theluxa-s180-theluxa-s360-detecteurs-de-mouvement-pour-lexterieur\\\/\"},\"wordCount\":206,\"image\":{\"@id\":\"https:\\\/\\\/rexel.be\\\/fr\\\/theben-theluxa-s180-theluxa-s360-detecteurs-de-mouvement-pour-lexterieur\\\/#primaryimage\"},\"thumbnailUrl\":\"https:\\\/\\\/rexel.be\\\/wp-content\\\/uploads\\\/2026\\\/07\\\/theben_theluxas360bk_side-scaled.jpg\",\"articleSection\":[\"Nouveautes produits\"],\"inLanguage\":\"fr-FR\"},{\"@type\":\"WebPage\",\"@id\":\"https:\\\/\\\/rexel.be\\\/fr\\\/theben-theluxa-s180-theluxa-s360-detecteurs-de-mouvement-pour-lexterieur\\\/\",\"url\":\"https:\\\/\\\/rexel.be\\\/fr\\\/theben-theluxa-s180-theluxa-s360-detecteurs-de-mouvement-pour-lexterieur\\\/\",\"name\":\"THEBEN : theLuxa S180 & theLuxa S360, d\u00e9tecteurs de mouvement pour l\u2019ext\u00e9rieur\",\"isPartOf\":{\"@id\":\"https:\\\/\\\/rexel.be\\\/fr\\\/#website\"},\"primaryImageOfPage\":{\"@id\":\"https:\\\/\\\/rexel.be\\\/fr\\\/theben-theluxa-s180-theluxa-s360-detecteurs-de-mouvement-pour-lexterieur\\\/#primaryimage\"},\"image\":{\"@id\":\"https:\\\/\\\/rexel.be\\\/fr\\\/theben-theluxa-s180-theluxa-s360-detecteurs-de-mouvement-pour-lexterieur\\\/#primaryimage\"},\"thumbnailUrl\":\"https:\\\/\\\/rexel.be\\\/wp-content\\\/uploads\\\/2026\\\/07\\\/theben_theluxas360bk_side-scaled.jpg\",\"datePublished\":\"2026-08-31T12:18:42+00:00\",\"author\":{\"@id\":\"https:\\\/\\\/rexel.be\\\/fr\\\/#\\\/schema\\\/person\\\/b3217dbb9d4438b8349f160fff9106c9\"},\"breadcrumb\":{\"@id\":\"https:\\\/\\\/rexel.be\\\/fr\\\/theben-theluxa-s180-theluxa-s360-detecteurs-de-mouvement-pour-lexterieur\\\/#breadcrumb\"},\"inLanguage\":\"fr-FR\",\"potentialAction\":[{\"@type\":\"ReadAction\",\"target\":[\"https:\\\/\\\/rexel.be\\\/fr\\\/theben-theluxa-s180-theluxa-s360-detecteurs-de-mouvement-pour-lexterieur\\\/\"]}]},{\"@type\":\"ImageObject\",\"inLanguage\":\"fr-FR\",\"@id\":\"https:\\\/\\\/rexel.be\\\/fr\\\/theben-theluxa-s180-theluxa-s360-detecteurs-de-mouvement-pour-lexterieur\\\/#primaryimage\",\"url\":\"https:\\\/\\\/rexel.be\\\/wp-content\\\/uploads\\\/2026\\\/07\\\/theben_theluxas360bk_side-scaled.jpg\",\"contentUrl\":\"https:\\\/\\\/rexel.be\\\/wp-content\\\/uploads\\\/2026\\\/07\\\/theben_theluxas360bk_side-scaled.jpg\",\"width\":2560,\"height\":1875},{\"@type\":\"BreadcrumbList\",\"@id\":\"https:\\\/\\\/rexel.be\\\/fr\\\/theben-theluxa-s180-theluxa-s360-detecteurs-de-mouvement-pour-lexterieur\\\/#breadcrumb\",\"itemListElement\":[{\"@type\":\"ListItem\",\"position\":1,\"name\":\"Home\",\"item\":\"https:\\\/\\\/rexel.be\\\/fr\\\/\"},{\"@type\":\"ListItem\",\"position\":2,\"name\":\"THEBEN : theLuxa S180 &amp; theLuxa S360, d\u00e9tecteurs de mouvement pour l\u2019ext\u00e9rieur\"}]},{\"@type\":\"WebSite\",\"@id\":\"https:\\\/\\\/rexel.be\\\/fr\\\/#website\",\"url\":\"https:\\\/\\\/rexel.be\\\/fr\\\/\",\"name\":\"Rexel\",\"description\":\"\",\"potentialAction\":[{\"@type\":\"SearchAction\",\"target\":{\"@type\":\"EntryPoint\",\"urlTemplate\":\"https:\\\/\\\/rexel.be\\\/fr\\\/?s={search_term_string}\"},\"query-input\":{\"@type\":\"PropertyValueSpecification\",\"valueRequired\":true,\"valueName\":\"search_term_string\"}}],\"inLanguage\":\"fr-FR\"},{\"@type\":\"Person\",\"@id\":\"https:\\\/\\\/rexel.be\\\/fr\\\/#\\\/schema\\\/person\\\/b3217dbb9d4438b8349f160fff9106c9\",\"name\":\"Estelle Ngongo\",\"image\":{\"@type\":\"ImageObject\",\"inLanguage\":\"fr-FR\",\"@id\":\"https:\\\/\\\/secure.gravatar.com\\\/avatar\\\/b2bee27c4c84d4d9a8a739f35f369f9e1914f1f6e3e4554284f76839766598dd?s=96&d=mm&r=g\",\"url\":\"https:\\\/\\\/secure.gravatar.com\\\/avatar\\\/b2bee27c4c84d4d9a8a739f35f369f9e1914f1f6e3e4554284f76839766598dd?s=96&d=mm&r=g\",\"contentUrl\":\"https:\\\/\\\/secure.gravatar.com\\\/avatar\\\/b2bee27c4c84d4d9a8a739f35f369f9e1914f1f6e3e4554284f76839766598dd?s=96&d=mm&r=g\",\"caption\":\"Estelle Ngongo\"}}]}<\/script>\n<!-- \/ Yoast SEO plugin. -->","yoast_head_json":{"title":"THEBEN : theLuxa S180 & theLuxa S360, d\u00e9tecteurs de mouvement pour l\u2019ext\u00e9rieur","robots":{"index":"index","follow":"follow","max-snippet":"max-snippet:-1","max-image-preview":"max-image-preview:large","max-video-preview":"max-video-preview:-1"},"canonical":"https:\/\/rexel.be\/fr\/theben-theluxa-s180-theluxa-s360-detecteurs-de-mouvement-pour-lexterieur\/","og_locale":"fr_FR","og_type":"article","og_title":"THEBEN : theLuxa S180 & theLuxa S360, d\u00e9tecteurs de mouvement pour l\u2019ext\u00e9rieur","og_description":"Met de theLuxa-bewegingsmelders van Theben gaat de verlichting alleen aan wanneer dat nodig is, voor meer comfort, veiligheid en energie-effici\u00ebntie. Ze zijn verkrijgbaar in wit of zwart en passen onopvallend in elke omgeving.","og_url":"https:\/\/rexel.be\/fr\/theben-theluxa-s180-theluxa-s360-detecteurs-de-mouvement-pour-lexterieur\/","og_site_name":"Rexel","article_published_time":"2026-08-31T12:18:42+00:00","og_image":[{"width":2560,"height":1875,"url":"https:\/\/rexel.be\/wp-content\/uploads\/2026\/07\/theben_theluxas360bk_side-scaled.jpg","type":"image\/jpeg"}],"author":"Estelle Ngongo","twitter_card":"summary_large_image","twitter_misc":{"\u00c9crit par":"Estelle Ngongo","Dur\u00e9e de lecture estim\u00e9e":"2 minutes"},"schema":{"@context":"https:\/\/schema.org","@graph":[{"@type":"Article","@id":"https:\/\/rexel.be\/fr\/theben-theluxa-s180-theluxa-s360-detecteurs-de-mouvement-pour-lexterieur\/#article","isPartOf":{"@id":"https:\/\/rexel.be\/fr\/theben-theluxa-s180-theluxa-s360-detecteurs-de-mouvement-pour-lexterieur\/"},"author":{"name":"Estelle Ngongo","@id":"https:\/\/rexel.be\/fr\/#\/schema\/person\/b3217dbb9d4438b8349f160fff9106c9"},"headline":"THEBEN : theLuxa S180 &amp; theLuxa S360, d\u00e9tecteurs de mouvement pour l\u2019ext\u00e9rieur","datePublished":"2026-08-31T12:18:42+00:00","mainEntityOfPage":{"@id":"https:\/\/rexel.be\/fr\/theben-theluxa-s180-theluxa-s360-detecteurs-de-mouvement-pour-lexterieur\/"},"wordCount":206,"image":{"@id":"https:\/\/rexel.be\/fr\/theben-theluxa-s180-theluxa-s360-detecteurs-de-mouvement-pour-lexterieur\/#primaryimage"},"thumbnailUrl":"https:\/\/rexel.be\/wp-content\/uploads\/2026\/07\/theben_theluxas360bk_side-scaled.jpg","articleSection":["Nouveautes produits"],"inLanguage":"fr-FR"},{"@type":"WebPage","@id":"https:\/\/rexel.be\/fr\/theben-theluxa-s180-theluxa-s360-detecteurs-de-mouvement-pour-lexterieur\/","url":"https:\/\/rexel.be\/fr\/theben-theluxa-s180-theluxa-s360-detecteurs-de-mouvement-pour-lexterieur\/","name":"THEBEN : theLuxa S180 & theLuxa S360, d\u00e9tecteurs de mouvement pour l\u2019ext\u00e9rieur","isPartOf":{"@id":"https:\/\/rexel.be\/fr\/#website"},"primaryImageOfPage":{"@id":"https:\/\/rexel.be\/fr\/theben-theluxa-s180-theluxa-s360-detecteurs-de-mouvement-pour-lexterieur\/#primaryimage"},"image":{"@id":"https:\/\/rexel.be\/fr\/theben-theluxa-s180-theluxa-s360-detecteurs-de-mouvement-pour-lexterieur\/#primaryimage"},"thumbnailUrl":"https:\/\/rexel.be\/wp-content\/uploads\/2026\/07\/theben_theluxas360bk_side-scaled.jpg","datePublished":"2026-08-31T12:18:42+00:00","author":{"@id":"https:\/\/rexel.be\/fr\/#\/schema\/person\/b3217dbb9d4438b8349f160fff9106c9"},"breadcrumb":{"@id":"https:\/\/rexel.be\/fr\/theben-theluxa-s180-theluxa-s360-detecteurs-de-mouvement-pour-lexterieur\/#breadcrumb"},"inLanguage":"fr-FR","potentialAction":[{"@type":"ReadAction","target":["https:\/\/rexel.be\/fr\/theben-theluxa-s180-theluxa-s360-detecteurs-de-mouvement-pour-lexterieur\/"]}]},{"@type":"ImageObject","inLanguage":"fr-FR","@id":"https:\/\/rexel.be\/fr\/theben-theluxa-s180-theluxa-s360-detecteurs-de-mouvement-pour-lexterieur\/#primaryimage","url":"https:\/\/rexel.be\/wp-content\/uploads\/2026\/07\/theben_theluxas360bk_side-scaled.jpg","contentUrl":"https:\/\/rexel.be\/wp-content\/uploads\/2026\/07\/theben_theluxas360bk_side-scaled.jpg","width":2560,"height":1875},{"@type":"BreadcrumbList","@id":"https:\/\/rexel.be\/fr\/theben-theluxa-s180-theluxa-s360-detecteurs-de-mouvement-pour-lexterieur\/#breadcrumb","itemListElement":[{"@type":"ListItem","position":1,"name":"Home","item":"https:\/\/rexel.be\/fr\/"},{"@type":"ListItem","position":2,"name":"THEBEN : theLuxa S180 &amp; theLuxa S360, d\u00e9tecteurs de mouvement pour l\u2019ext\u00e9rieur"}]},{"@type":"WebSite","@id":"https:\/\/rexel.be\/fr\/#website","url":"https:\/\/rexel.be\/fr\/","name":"Rexel","description":"","potentialAction":[{"@type":"SearchAction","target":{"@type":"EntryPoint","urlTemplate":"https:\/\/rexel.be\/fr\/?s={search_term_string}"},"query-input":{"@type":"PropertyValueSpecification","valueRequired":true,"valueName":"search_term_string"}}],"inLanguage":"fr-FR"},{"@type":"Person","@id":"https:\/\/rexel.be\/fr\/#\/schema\/person\/b3217dbb9d4438b8349f160fff9106c9","name":"Estelle Ngongo","image":{"@type":"ImageObject","inLanguage":"fr-FR","@id":"https:\/\/secure.gravatar.com\/avatar\/b2bee27c4c84d4d9a8a739f35f369f9e1914f1f6e3e4554284f76839766598dd?s=96&d=mm&r=g","url":"https:\/\/secure.gravatar.com\/avatar\/b2bee27c4c84d4d9a8a739f35f369f9e1914f1f6e3e4554284f76839766598dd?s=96&d=mm&r=g","contentUrl":"https:\/\/secure.gravatar.com\/avatar\/b2bee27c4c84d4d9a8a739f35f369f9e1914f1f6e3e4554284f76839766598dd?s=96&d=mm&r=g","caption":"Estelle Ngongo"}}]}},"_links":{"self":[{"href":"https:\/\/rexel.be\/fr\/wp-json\/wp\/v2\/posts\/15321","targetHints":{"allow":["GET"]}}],"collection":[{"href":"https:\/\/rexel.be\/fr\/wp-json\/wp\/v2\/posts"}],"about":[{"href":"https:\/\/rexel.be\/fr\/wp-json\/wp\/v2\/types\/post"}],"author":[{"embeddable":true,"href":"https:\/\/rexel.be\/fr\/wp-json\/wp\/v2\/users\/10"}],"replies":[{"embeddable":true,"href":"https:\/\/rexel.be\/fr\/wp-json\/wp\/v2\/comments?post=15321"}],"version-history":[{"count":2,"href":"https:\/\/rexel.be\/fr\/wp-json\/wp\/v2\/posts\/15321\/revisions"}],"predecessor-version":[{"id":16269,"href":"https:\/\/rexel.be\/fr\/wp-json\/wp\/v2\/posts\/15321\/revisions\/16269"}],"wp:featuredmedia":[{"embeddable":true,"href":"https:\/\/rexel.be\/fr\/wp-json\/wp\/v2\/media\/15401"}],"wp:attachment":[{"href":"https:\/\/rexel.be\/fr\/wp-json\/wp\/v2\/media?parent=15321"}],"wp:term":[{"taxonomy":"category","embeddable":true,"href":"https:\/\/rexel.be\/fr\/wp-json\/wp\/v2\/categories?post=15321"},{"taxonomy":"post_tag","embeddable":true,"href":"https:\/\/rexel.be\/fr\/wp-json\/wp\/v2\/tags?post=15321"},{"taxonomy":"nieuws_oplossing","embeddable":true,"href":"https:\/\/rexel.be\/fr\/wp-json\/wp\/v2\/nieuws_oplossing?post=15321"},{"taxonomy":"nieuws_product","embeddable":true,"href":"https:\/\/rexel.be\/fr\/wp-json\/wp\/v2\/nieuws_product?post=15321"}],"curies":[{"name":"wp","href":"https:\/\/api.w.org\/{rel}","templated":true}]}}